{"id":308,"date":"2012-09-16T20:45:14","date_gmt":"2012-09-16T20:45:14","guid":{"rendered":"https:\/\/www.mandarinagarden.es\/?p=308"},"modified":"2012-09-20T14:09:05","modified_gmt":"2012-09-20T14:09:05","slug":"taller-de-creacion-de-comics","status":"publish","type":"post","link":"https:\/\/www.mandarinagarden.es\/blog\/taller-de-creacion-de-comics\/","title":{"rendered":"Taller de creaci\u00f3n de c\u00f3mics"},"content":{"rendered":"<p>Esta noche voy a hablaros de otro de los talleres que Mandarina garden ha dise\u00f1ado para nuestros peques. Creemos que este taller de creaci\u00f3n de c\u00f3mics puede resultar muy interesante para ni\u00f1os que ya disfrutan del dibujo y que tienen una imaginaci\u00f3n desbordante.<\/p>\n<p>Los objetivos de este taller son por tanto fomentar la imaginaci\u00f3n y creatividad del ni\u00f1o, dar valor a sus virtudes haciendo de ellas un superpoder con el que poder combatir sus miedos representados por el malo mal\u00edsimo, haciendo del ni\u00f1o un \u00absuperh\u00e9roe\u00bb.<!--more--><\/p>\n<p>A lo largo de las clases, ir\u00e1n componiendo su personaje superh\u00e9roe, su entorno y su vi\u00f1eta como si de una revista de c\u00f3mic se tratase.<\/p>\n<p>Lo primero que haremos ser\u00e1 <strong>crear su propio personaje superh\u00e9roe<\/strong>. Luego <strong>crearemos su morada y a su mascota fiel<\/strong>. A continuaci\u00f3n, el ni\u00f1o o la ni\u00f1a <strong>decidir\u00e1 cu\u00e1l es su superpoder<\/strong>.<\/p>\n<p>Una vez hecho esto, tocar\u00e1 <strong>crear al malo mal\u00edsimo, su morada, su mascota y su superpoder<\/strong> para ya a continuaci\u00f3n comenzar a dise\u00f1ar el principio, nudo y desenlace de la vi\u00f1eta.<\/p>\n<p>Este taller tendr\u00e1 lugar todos los <strong>martes de 18:40 a 19:30 hrs<\/strong> siendo el coste de la mensualidad \u00a030 \u20ac. Tambi\u00e9n existe la posibilidad de que el ni\u00f1o\/a venga a clases sueltas (10 \u20ac). \u00a0Son <span style=\"text-decoration: underline;\">plazas limitadas<\/span> as\u00ed que si os interesa que vuestros peques disfruten de este taller, enviadnos un mail a <a href=\"mailto:gloria@mandarinagarden.es\" target=\"_blank\">gloria@mandarinagarden.es<\/a><\/p>\n<p>&nbsp;<\/p>\n<p>&nbsp;<\/p>\n<p>&nbsp;<\/p>\n<p>&nbsp;<\/p>\n<p>&nbsp;<\/p>\n","protected":false},"excerpt":{"rendered":"<p>Esta noche voy a hablaros de otro de los talleres que Mandarina garden ha dise\u00f1ado para nuestros peques. Creemos que este taller de creaci\u00f3n de &#8230;<\/p>\n","protected":false},"author":1,"featured_media":309,"comment_status":"open","ping_status":"open","sticky":false,"template":"","format":"standard","meta":{"footnotes":""},"categories":[3],"tags":[],"class_list":["post-308","post","type-post","status-publish","format-standard","has-post-thumbnail","hentry","category-talleres"],"_links":{"self":[{"href":"https:\/\/www.mandarinagarden.es\/blog\/wp-json\/wp\/v2\/posts\/308","targetHints":{"allow":["GET"]}}],"collection":[{"href":"https:\/\/www.mandarinagarden.es\/blog\/wp-json\/wp\/v2\/posts"}],"about":[{"href":"https:\/\/www.mandarinagarden.es\/blog\/wp-json\/wp\/v2\/types\/post"}],"author":[{"embeddable":true,"href":"https:\/\/www.mandarinagarden.es\/blog\/wp-json\/wp\/v2\/users\/1"}],"replies":[{"embeddable":true,"href":"https:\/\/www.mandarinagarden.es\/blog\/wp-json\/wp\/v2\/comments?post=308"}],"version-history":[{"count":20,"href":"https:\/\/www.mandarinagarden.es\/blog\/wp-json\/wp\/v2\/posts\/308\/revisions"}],"predecessor-version":[{"id":334,"href":"https:\/\/www.mandarinagarden.es\/blog\/wp-json\/wp\/v2\/posts\/308\/revisions\/334"}],"wp:featuredmedia":[{"embeddable":true,"href":"https:\/\/www.mandarinagarden.es\/blog\/wp-json\/wp\/v2\/media\/309"}],"wp:attachment":[{"href":"https:\/\/www.mandarinagarden.es\/blog\/wp-json\/wp\/v2\/media?parent=308"}],"wp:term":[{"taxonomy":"category","embeddable":true,"href":"https:\/\/www.mandarinagarden.es\/blog\/wp-json\/wp\/v2\/categories?post=308"},{"taxonomy":"post_tag","embeddable":true,"href":"https:\/\/www.mandarinagarden.es\/blog\/wp-json\/wp\/v2\/tags?post=308"}],"curies":[{"name":"wp","href":"https:\/\/api.w.org\/{rel}","templated":true}]}}