{"id":2487,"date":"2026-02-14T12:10:13","date_gmt":"2026-02-14T11:10:13","guid":{"rendered":"https:\/\/www.mandarinagarden.es\/blog\/?p=2487"},"modified":"2026-02-14T12:10:13","modified_gmt":"2026-02-14T11:10:13","slug":"eventos-familiares-para-empresas-y-centros-comerciales","status":"publish","type":"post","link":"https:\/\/www.mandarinagarden.es\/blog\/eventos-familiares-para-empresas-y-centros-comerciales\/","title":{"rendered":"Family Days en la oficina: \u00bfY si el jard\u00edn secreto de Mandarina garden se mudara a tu empresa?"},"content":{"rendered":"\n<h1 class=\"wp-block-heading\">C\u00f3mo convertir tu oficina en el lugar \u00abdonde vive la imaginaci\u00f3n\u00bb<\/h1>\n\n\n\n<p>\u00bfRecuerdas esa sensaci\u00f3n de ni\u00f1o cuando tus padres te llevaban al trabajo? Para muchos era un d\u00eda de \u00abmirar y no tocar\u00bb. En&nbsp;<strong>Mandarina garden<\/strong>, queremos darle la vuelta a esa experiencia. Creemos que cuando una empresa abre sus puertas a las familias, est\u00e1 abriendo su coraz\u00f3n.<\/p>\n\n\n\n<p id=\"p-rc_37f4ea2e5ca9d961-34\">Por eso, hemos dise\u00f1ado una propuesta de\u00a0<strong>Family Days para empresas<\/strong>\u00a0donde la conciliaci\u00f3n, el juego consciente y la creatividad son los protagonistas.<\/p>\n\n\n\n<h3 class=\"wp-block-heading\">\u00bfQu\u00e9 es un Family Day Mandarina?<\/h3>\n\n\n\n<p id=\"p-rc_37f4ea2e5ca9d961-35\">No es una simple fiesta infantil; es una\u00a0<strong>experiencia de marca emocional<\/strong>.\u00a0Dise\u00f1amos jornadas l\u00fadicas adaptadas a los valores y al espacio de cada entidad, cuidando tanto el contenido pedag\u00f3gico como el impacto visual.<\/p>\n\n\n\n<p id=\"p-rc_37f4ea2e5ca9d961-36\">Ya sea en vuestras oficinas, en un espacio exterior o en uno de nuestros centros, creamos un ecosistema de estaciones de juego donde los ni\u00f1os y sus familias pueden disfrutar de un flujo libre de actividades acompa\u00f1ados siempre por profesionales<sup><\/sup>.<\/p>\n\n\n\n<figure class=\"wp-block-gallery has-nested-images columns-default is-cropped wp-block-gallery-1 is-layout-flex wp-block-gallery-is-layout-flex\">\n<figure class=\"wp-block-image size-large\"><a href=\"https:\/\/www.mandarinagarden.es\/blog\/wp-content\/uploads\/eventos-empresas-easter.webp\"><img loading=\"lazy\" decoding=\"async\" width=\"800\" height=\"800\" data-id=\"2490\" src=\"https:\/\/www.mandarinagarden.es\/blog\/wp-content\/uploads\/eventos-empresas-easter.webp\" alt=\"\" class=\"wp-image-2490\" srcset=\"https:\/\/www.mandarinagarden.es\/blog\/wp-content\/uploads\/eventos-empresas-easter.webp 800w, https:\/\/www.mandarinagarden.es\/blog\/wp-content\/uploads\/eventos-empresas-easter-300x300.webp 300w, https:\/\/www.mandarinagarden.es\/blog\/wp-content\/uploads\/eventos-empresas-easter-150x150.webp 150w, https:\/\/www.mandarinagarden.es\/blog\/wp-content\/uploads\/eventos-empresas-easter-768x768.webp 768w, https:\/\/www.mandarinagarden.es\/blog\/wp-content\/uploads\/eventos-empresas-easter-450x450.webp 450w, https:\/\/www.mandarinagarden.es\/blog\/wp-content\/uploads\/eventos-empresas-easter-480x480.webp 480w, https:\/\/www.mandarinagarden.es\/blog\/wp-content\/uploads\/eventos-empresas-easter-550x550.webp 550w, https:\/\/www.mandarinagarden.es\/blog\/wp-content\/uploads\/eventos-empresas-easter-415x415.webp 415w\" sizes=\"auto, (max-width: 800px) 100vw, 800px\" \/><\/a><\/figure>\n\n\n\n<figure class=\"wp-block-image size-large\"><a href=\"https:\/\/www.mandarinagarden.es\/blog\/wp-content\/uploads\/eventos-empresas-halloween.webp\"><img loading=\"lazy\" decoding=\"async\" width=\"800\" height=\"800\" data-id=\"2493\" src=\"https:\/\/www.mandarinagarden.es\/blog\/wp-content\/uploads\/eventos-empresas-halloween.webp\" alt=\"\" class=\"wp-image-2493\" srcset=\"https:\/\/www.mandarinagarden.es\/blog\/wp-content\/uploads\/eventos-empresas-halloween.webp 800w, https:\/\/www.mandarinagarden.es\/blog\/wp-content\/uploads\/eventos-empresas-halloween-300x300.webp 300w, https:\/\/www.mandarinagarden.es\/blog\/wp-content\/uploads\/eventos-empresas-halloween-150x150.webp 150w, https:\/\/www.mandarinagarden.es\/blog\/wp-content\/uploads\/eventos-empresas-halloween-768x768.webp 768w, https:\/\/www.mandarinagarden.es\/blog\/wp-content\/uploads\/eventos-empresas-halloween-450x450.webp 450w, https:\/\/www.mandarinagarden.es\/blog\/wp-content\/uploads\/eventos-empresas-halloween-480x480.webp 480w, https:\/\/www.mandarinagarden.es\/blog\/wp-content\/uploads\/eventos-empresas-halloween-550x550.webp 550w, https:\/\/www.mandarinagarden.es\/blog\/wp-content\/uploads\/eventos-empresas-halloween-415x415.webp 415w\" sizes=\"auto, (max-width: 800px) 100vw, 800px\" \/><\/a><\/figure>\n\n\n\n<figure class=\"wp-block-image size-large\"><a href=\"https:\/\/www.mandarinagarden.es\/blog\/wp-content\/uploads\/eventos-empresas-navidad.webp\"><img loading=\"lazy\" decoding=\"async\" width=\"800\" height=\"800\" data-id=\"2491\" src=\"https:\/\/www.mandarinagarden.es\/blog\/wp-content\/uploads\/eventos-empresas-navidad.webp\" alt=\"\" class=\"wp-image-2491\" srcset=\"https:\/\/www.mandarinagarden.es\/blog\/wp-content\/uploads\/eventos-empresas-navidad.webp 800w, https:\/\/www.mandarinagarden.es\/blog\/wp-content\/uploads\/eventos-empresas-navidad-300x300.webp 300w, https:\/\/www.mandarinagarden.es\/blog\/wp-content\/uploads\/eventos-empresas-navidad-150x150.webp 150w, https:\/\/www.mandarinagarden.es\/blog\/wp-content\/uploads\/eventos-empresas-navidad-768x768.webp 768w, https:\/\/www.mandarinagarden.es\/blog\/wp-content\/uploads\/eventos-empresas-navidad-450x450.webp 450w, https:\/\/www.mandarinagarden.es\/blog\/wp-content\/uploads\/eventos-empresas-navidad-480x480.webp 480w, https:\/\/www.mandarinagarden.es\/blog\/wp-content\/uploads\/eventos-empresas-navidad-550x550.webp 550w, https:\/\/www.mandarinagarden.es\/blog\/wp-content\/uploads\/eventos-empresas-navidad-415x415.webp 415w\" sizes=\"auto, (max-width: 800px) 100vw, 800px\" \/><\/a><\/figure>\n\n\n\n<figure class=\"wp-block-image size-large\"><a href=\"https:\/\/www.mandarinagarden.es\/blog\/wp-content\/uploads\/eventos-empresas-verano.webp\"><img loading=\"lazy\" decoding=\"async\" width=\"800\" height=\"800\" data-id=\"2492\" src=\"https:\/\/www.mandarinagarden.es\/blog\/wp-content\/uploads\/eventos-empresas-verano.webp\" alt=\"\" class=\"wp-image-2492\" srcset=\"https:\/\/www.mandarinagarden.es\/blog\/wp-content\/uploads\/eventos-empresas-verano.webp 800w, https:\/\/www.mandarinagarden.es\/blog\/wp-content\/uploads\/eventos-empresas-verano-300x300.webp 300w, https:\/\/www.mandarinagarden.es\/blog\/wp-content\/uploads\/eventos-empresas-verano-150x150.webp 150w, https:\/\/www.mandarinagarden.es\/blog\/wp-content\/uploads\/eventos-empresas-verano-768x768.webp 768w, https:\/\/www.mandarinagarden.es\/blog\/wp-content\/uploads\/eventos-empresas-verano-450x450.webp 450w, https:\/\/www.mandarinagarden.es\/blog\/wp-content\/uploads\/eventos-empresas-verano-480x480.webp 480w, https:\/\/www.mandarinagarden.es\/blog\/wp-content\/uploads\/eventos-empresas-verano-550x550.webp 550w, https:\/\/www.mandarinagarden.es\/blog\/wp-content\/uploads\/eventos-empresas-verano-415x415.webp 415w\" sizes=\"auto, (max-width: 800px) 100vw, 800px\" \/><\/a><\/figure>\n<\/figure>\n\n\n\n<h3 class=\"wp-block-heading\">Nuestra propuesta: Diversi\u00f3n a medida<\/h3>\n\n\n\n<p id=\"p-rc_37f4ea2e5ca9d961-37\">Sabemos que cada empresa es un mundo, por eso nuestras experiencias son 100% escalables y personalizables seg\u00fan el presupuesto, el n\u00famero de asistentes y los objetivos<sup><\/sup>.<\/p>\n\n\n\n<p>Contamos con diferentes formatos que har\u00e1n que vuestro evento sea inolvidable:<\/p>\n\n\n\n<ul class=\"wp-block-list\">\n<li><strong>Pack Family Day Basic:<\/strong>\u00a0Una estructura s\u00f3lida con equipo profesional, zonas de juego simb\u00f3lico y talleres creativos.<\/li>\n\n\n\n<li><strong>Pack Family Day Premium:<\/strong>\u00a0Para quienes buscan un impacto visual mayor, incluyendo zonas de\u00a0<em>Soft Play<\/em>tematizadas, personajes y talleres premium.<\/li>\n\n\n\n<li><strong>Pack Family Day WOW:<\/strong>\u00a0Un evento de alto impacto con escenograf\u00eda completa, mini shows y una coordinaci\u00f3n integral que deja a todos con la boca abierta.<\/li>\n<\/ul>\n\n\n\n<h3 class=\"wp-block-heading\">\u00bfQu\u00e9 actividades podemos encontrar?<\/h3>\n\n\n\n<p id=\"p-rc_37f4ea2e5ca9d961-41\">En nuestro \u00abjard\u00edn\u00bb port\u00e1til incluimos contenidos que fomentan el juego activo, cooperativo y sensorial<sup><\/sup>:<\/p>\n\n\n\n<ol start=\"1\" class=\"wp-block-list\">\n<li><strong>Talleres creativos y sensoriales:<\/strong>\u00a0Siguiendo nuestra filosof\u00eda\u00a0<em>handmade<\/em>, donde los peques crean con sus propias manos.<\/li>\n\n\n\n<li><strong>Zonas Soft Play:<\/strong>\u00a0Espacios seguros y estimulantes para los m\u00e1s peque\u00f1os (0-3 a\u00f1os).<\/li>\n\n\n\n<li><strong>Apariciones de personajes:<\/strong>\u00a0Para a\u00f1adir ese toque de magia y fantas\u00eda que nos define.<\/li>\n\n\n\n<li><strong>Espacios Chill Familiar:<\/strong>\u00a0Porque los padres tambi\u00e9n merecen un momento de relax mientras ven a sus hijos crecer en un entorno seguro.<\/li>\n<\/ol>\n\n\n\n<figure class=\"wp-block-image size-full\"><a href=\"https:\/\/www.mandarinagarden.es\/blog\/wp-content\/uploads\/staff-mandarina-eventos-empresa.webp\"><img loading=\"lazy\" decoding=\"async\" width=\"800\" height=\"800\" src=\"https:\/\/www.mandarinagarden.es\/blog\/wp-content\/uploads\/staff-mandarina-eventos-empresa.webp\" alt=\"\" class=\"wp-image-2489\" srcset=\"https:\/\/www.mandarinagarden.es\/blog\/wp-content\/uploads\/staff-mandarina-eventos-empresa.webp 800w, https:\/\/www.mandarinagarden.es\/blog\/wp-content\/uploads\/staff-mandarina-eventos-empresa-300x300.webp 300w, https:\/\/www.mandarinagarden.es\/blog\/wp-content\/uploads\/staff-mandarina-eventos-empresa-150x150.webp 150w, https:\/\/www.mandarinagarden.es\/blog\/wp-content\/uploads\/staff-mandarina-eventos-empresa-768x768.webp 768w, https:\/\/www.mandarinagarden.es\/blog\/wp-content\/uploads\/staff-mandarina-eventos-empresa-450x450.webp 450w, https:\/\/www.mandarinagarden.es\/blog\/wp-content\/uploads\/staff-mandarina-eventos-empresa-480x480.webp 480w, https:\/\/www.mandarinagarden.es\/blog\/wp-content\/uploads\/staff-mandarina-eventos-empresa-550x550.webp 550w, https:\/\/www.mandarinagarden.es\/blog\/wp-content\/uploads\/staff-mandarina-eventos-empresa-415x415.webp 415w\" sizes=\"auto, (max-width: 800px) 100vw, 800px\" \/><\/a><\/figure>\n\n\n\n<h3 class=\"wp-block-heading\">M\u00e1s que juego: Valores y Conciliaci\u00f3n<\/h3>\n\n\n\n<p id=\"p-rc_37f4ea2e5ca9d961-46\">En Mandarina garden no solo cuidamos ni\u00f1os;\u00a0<strong>cuidamos momentos<\/strong>. Un Family Day ayuda a humanizar la marca, mejora el clima laboral y refuerza el sentimiento de pertenencia de los empleados.\u00a0Es una inversi\u00f3n en felicidad y en el futuro, ayudando a los ni\u00f1os a crecer rodeados de imaginaci\u00f3n y valores positivos.<\/p>\n\n\n\n<p id=\"p-rc_37f4ea2e5ca9d961-47\"><strong>\u00bfQuieres que organicemos el pr\u00f3ximo evento en tu empresa?<\/strong>&nbsp;Nuestro equipo se encarga de todo: desde el montaje y desmontaje hasta el cumplimiento normativo y la coordinaci\u00f3n completa<sup><\/sup>. T\u00fa solo tienes que preocuparte de disfrutar con tu equipo.<\/p>\n\n\n\n<p><strong>\u00a1Hagamos que tu empresa sea el lugar donde vive la imaginaci\u00f3n!<\/strong><\/p>\n\n\n\n<p>&#x1f449;&nbsp;<a target=\"_blank\" rel=\"noreferrer noopener\" href=\"https:\/\/www.mandarinagarden.es\/eventos-empresas-centros-comerciales.html\">Contacta con nosotros para recibir tu propuesta personalizada<\/a><\/p>\n","protected":false},"excerpt":{"rendered":"<p>C\u00f3mo convertir tu oficina en el lugar \u00abdonde vive la imaginaci\u00f3n\u00bb \u00bfRecuerdas esa sensaci\u00f3n de ni\u00f1o cuando tus padres te llevaban al trabajo? Para muchos &#8230;<\/p>\n","protected":false},"author":1,"featured_media":2488,"comment_status":"open","ping_status":"open","sticky":false,"template":"","format":"standard","meta":{"footnotes":""},"categories":[182,10],"tags":[185,183,157,55],"class_list":["post-2487","post","type-post","status-publish","format-standard","has-post-thumbnail","hentry","category-empresas","category-mandarina_garden","tag-centros-comerciales","tag-empresas","tag-eventos","tag-talleres-2"],"_links":{"self":[{"href":"https:\/\/www.mandarinagarden.es\/blog\/wp-json\/wp\/v2\/posts\/2487","targetHints":{"allow":["GET"]}}],"collection":[{"href":"https:\/\/www.mandarinagarden.es\/blog\/wp-json\/wp\/v2\/posts"}],"about":[{"href":"https:\/\/www.mandarinagarden.es\/blog\/wp-json\/wp\/v2\/types\/post"}],"author":[{"embeddable":true,"href":"https:\/\/www.mandarinagarden.es\/blog\/wp-json\/wp\/v2\/users\/1"}],"replies":[{"embeddable":true,"href":"https:\/\/www.mandarinagarden.es\/blog\/wp-json\/wp\/v2\/comments?post=2487"}],"version-history":[{"count":1,"href":"https:\/\/www.mandarinagarden.es\/blog\/wp-json\/wp\/v2\/posts\/2487\/revisions"}],"predecessor-version":[{"id":2494,"href":"https:\/\/www.mandarinagarden.es\/blog\/wp-json\/wp\/v2\/posts\/2487\/revisions\/2494"}],"wp:featuredmedia":[{"embeddable":true,"href":"https:\/\/www.mandarinagarden.es\/blog\/wp-json\/wp\/v2\/media\/2488"}],"wp:attachment":[{"href":"https:\/\/www.mandarinagarden.es\/blog\/wp-json\/wp\/v2\/media?parent=2487"}],"wp:term":[{"taxonomy":"category","embeddable":true,"href":"https:\/\/www.mandarinagarden.es\/blog\/wp-json\/wp\/v2\/categories?post=2487"},{"taxonomy":"post_tag","embeddable":true,"href":"https:\/\/www.mandarinagarden.es\/blog\/wp-json\/wp\/v2\/tags?post=2487"}],"curies":[{"name":"wp","href":"https:\/\/api.w.org\/{rel}","templated":true}]}}