{"id":2447,"date":"2020-05-19T22:22:20","date_gmt":"2020-05-19T20:22:20","guid":{"rendered":"https:\/\/www.mandarinagarden.es\/blog\/?p=2447"},"modified":"2020-05-19T22:22:21","modified_gmt":"2020-05-19T20:22:21","slug":"mascarillas-para-ninos","status":"publish","type":"post","link":"https:\/\/www.mandarinagarden.es\/blog\/mascarillas-para-ninos\/","title":{"rendered":"Mascarillas para ni\u00f1os"},"content":{"rendered":"\n<p>Ya es oficial. El <strong>uso de mascarillas<\/strong> es obligatorio en espacios cerrados y ahora tambi\u00e9n en la v\u00eda p\u00fablica siempre y cuando no se pueda garantizar la distancia m\u00ednima de seguridad entre personas. Por eso, en Mandarina garden hemos dise\u00f1ado las <strong>mascarillas para ni\u00f1os m\u00e1s divertidas<\/strong> y tambi\u00e9n para sus papis.<\/p>\n\n\n\n<p><strong>Caracter\u00edsticas de las mascarillas<br>Designed by Mandarina garden\u00ae&#xfe0f; (no homologadas):<\/strong><\/p>\n\n\n\n<ol class=\"wp-block-list\"><li>100% Microfibra reutilizable.<\/li><li>Transpirables y c\u00f3modas.<\/li><li>Se pueden lavar con agua caliente.<\/li><li>Dise\u00f1o con forro para colocar el filtro.<\/li><li>Ajustable el\u00e1stico.<\/li><li>Plegables para&nbsp;meter en el bolsillo y llevarlas&nbsp;a cualquier lugar.<\/li><li>Tama\u00f1o para adulto y ni\u00f1o (S\/M).<\/li><li>ENV\u00cdOS A TODA ESPA\u00d1A.&nbsp;<\/li><li>Pack de 2 unidades.<\/li><li>Vienen con una bolsita especial de regalo para guardarlas.<\/li><\/ol>\n\n\n\n<h2 class=\"wp-block-heading\">Mascarillas solidarias<\/h2>\n\n\n\n<p><strong>IMPORTANTE<\/strong>: Por la compra de 1 pack de mascarillas se donar\u00e1 1\u20ac al plan Responde de Cruz Roja\u00a0&#x1f4aa;\u00a0&#x1f637;<br>Cruz Roja RESPONDE es un plan de actuaci\u00f3n y respuesta para responder a la situaci\u00f3n generada por la pandemia del COVID-19.<\/p>\n\n\n\n<p>COMPRA YA TUS MASCARILLAS MANDARINA AQU\u00cd: <a href=\"https:\/\/shop.mandarinagarden.es\/shop\">https:\/\/shop.mandarinagarden.es\/shop<\/a><\/p>\n\n\n\n<figure class=\"wp-block-image size-large\"><img loading=\"lazy\" decoding=\"async\" width=\"1024\" height=\"1021\" src=\"https:\/\/www.mandarinagarden.es\/blog\/wp-content\/uploads\/image-1024x1021.jpg\" alt=\"\" class=\"wp-image-2449\" srcset=\"https:\/\/www.mandarinagarden.es\/blog\/wp-content\/uploads\/image-1024x1021.jpg 1024w, https:\/\/www.mandarinagarden.es\/blog\/wp-content\/uploads\/image-300x300.jpg 300w, https:\/\/www.mandarinagarden.es\/blog\/wp-content\/uploads\/image-150x150.jpg 150w, https:\/\/www.mandarinagarden.es\/blog\/wp-content\/uploads\/image-768x765.jpg 768w, https:\/\/www.mandarinagarden.es\/blog\/wp-content\/uploads\/image-1536x1531.jpg 1536w, https:\/\/www.mandarinagarden.es\/blog\/wp-content\/uploads\/image-2048x2041.jpg 2048w, https:\/\/www.mandarinagarden.es\/blog\/wp-content\/uploads\/image-450x450.jpg 450w, https:\/\/www.mandarinagarden.es\/blog\/wp-content\/uploads\/image-480x480.jpg 480w, https:\/\/www.mandarinagarden.es\/blog\/wp-content\/uploads\/image-550x548.jpg 550w, https:\/\/www.mandarinagarden.es\/blog\/wp-content\/uploads\/image-415x415.jpg 415w\" sizes=\"auto, (max-width: 1024px) 100vw, 1024px\" \/><\/figure>\n","protected":false},"excerpt":{"rendered":"<p>Ya es oficial. El uso de mascarillas es obligatorio en espacios cerrados y ahora tambi\u00e9n en la v\u00eda p\u00fablica siempre y cuando no se pueda &#8230;<\/p>\n","protected":false},"author":1,"featured_media":2448,"comment_status":"open","ping_status":"open","sticky":false,"template":"","format":"standard","meta":{"footnotes":""},"categories":[10],"tags":[172,87],"class_list":["post-2447","post","type-post","status-publish","format-standard","has-post-thumbnail","hentry","category-mandarina_garden","tag-mascarillas","tag-ninos"],"_links":{"self":[{"href":"https:\/\/www.mandarinagarden.es\/blog\/wp-json\/wp\/v2\/posts\/2447","targetHints":{"allow":["GET"]}}],"collection":[{"href":"https:\/\/www.mandarinagarden.es\/blog\/wp-json\/wp\/v2\/posts"}],"about":[{"href":"https:\/\/www.mandarinagarden.es\/blog\/wp-json\/wp\/v2\/types\/post"}],"author":[{"embeddable":true,"href":"https:\/\/www.mandarinagarden.es\/blog\/wp-json\/wp\/v2\/users\/1"}],"replies":[{"embeddable":true,"href":"https:\/\/www.mandarinagarden.es\/blog\/wp-json\/wp\/v2\/comments?post=2447"}],"version-history":[{"count":1,"href":"https:\/\/www.mandarinagarden.es\/blog\/wp-json\/wp\/v2\/posts\/2447\/revisions"}],"predecessor-version":[{"id":2450,"href":"https:\/\/www.mandarinagarden.es\/blog\/wp-json\/wp\/v2\/posts\/2447\/revisions\/2450"}],"wp:featuredmedia":[{"embeddable":true,"href":"https:\/\/www.mandarinagarden.es\/blog\/wp-json\/wp\/v2\/media\/2448"}],"wp:attachment":[{"href":"https:\/\/www.mandarinagarden.es\/blog\/wp-json\/wp\/v2\/media?parent=2447"}],"wp:term":[{"taxonomy":"category","embeddable":true,"href":"https:\/\/www.mandarinagarden.es\/blog\/wp-json\/wp\/v2\/categories?post=2447"},{"taxonomy":"post_tag","embeddable":true,"href":"https:\/\/www.mandarinagarden.es\/blog\/wp-json\/wp\/v2\/tags?post=2447"}],"curies":[{"name":"wp","href":"https:\/\/api.w.org\/{rel}","templated":true}]}}