{"id":2272,"date":"2019-10-16T22:53:39","date_gmt":"2019-10-16T20:53:39","guid":{"rendered":"https:\/\/www.mandarinagarden.es\/blog\/?p=2272"},"modified":"2019-10-16T23:00:05","modified_gmt":"2019-10-16T21:00:05","slug":"entrevista-a-cristina-ines-gill-mamasevaalaguerra","status":"publish","type":"post","link":"https:\/\/www.mandarinagarden.es\/blog\/entrevista-a-cristina-ines-gill-mamasevaalaguerra\/","title":{"rendered":"ENTREVISTA A CRISTINA IN\u00c9S GILL &#8211; @mamasevaalaguerra"},"content":{"rendered":"\n<p>Cada <strong>19 de octubre se celebra el D\u00eda Internacional Contra el C\u00e1ncer de Mama<\/strong>. Una fecha para concienciar a todo el mundo mundial sobre la importancia de la investigaci\u00f3n para la cura y el diagn\u00f3stico precoz de esta enfermedad.&nbsp;<\/p>\n\n\n\n<p>Porque el c\u00e1ncer de mama <strong>es el tipo de tumor m\u00e1s frecuente entre las mujeres<\/strong>, porque <strong>en Espa\u00f1a se diagnostican m\u00e1s de 33.000 nuevos casos al a\u00f1o<\/strong> y, sobre todo, por todas las mujeres que han luchado o est\u00e1n luchando contra este mal. Por eso y por mucho m\u00e1s, para nosotros en Mandarina este es un d\u00eda especial.&nbsp;<\/p>\n\n\n\n<p>Qu\u00e9 mejor manera de conmemorarlo, que <strong>charlando con Cristina In\u00e9s Gill, m\u00e1s conocida como <\/strong><a href=\"https:\/\/www.instagram.com\/mamasevaalaguerra\/?hl=es\"><strong>@mamasevaalaguerra<\/strong><\/a>. Una guerrera donde las haya que lleg\u00f3 a esta aventura llamada vida un 10 de marzo de 1988 en Barcelona y creci\u00f3 en Malgrat del Mar. <strong>Cristina es madre de dos hijas, Luc\u00eda y Martina, que muri\u00f3 de c\u00e1ncer de ri\u00f1\u00f3n mientras ella le ganaba la batalla a su c\u00e1ncer de mama. Ahora es copiloto de rally y autora del libro \u201cFELICIDAD\u2026 CARGANDO\u201d<\/strong>.<\/p>\n\n\n\n<p>\u00bfQuieres saber qu\u00e9 nos ha contado sobre su vida? Te dejamos a continuaci\u00f3n la entrevista que le hemos hecho hace unos d\u00edas.&nbsp;<\/p>\n\n\n\n<p><strong>PREGUNTA:<\/strong><strong> Mamasevaalaguerra, as\u00ed junto, tal cual suena. \u00bfPor qu\u00e9?<\/strong><\/p>\n\n\n\n<p><strong>RESPUESTA:<\/strong> La palabra \u201cmama\u201d en mi caso engloba mucho: mama (figura materna), mama (mama, pecho etc\u2026). Decid\u00ed que fuera as\u00ed, todo junto, porque esta misma palabra describ\u00eda mi situaci\u00f3n. S\u00ed, lo s\u00e9, es retorcido, pero mi vida tambi\u00e9n lo era para esos entonces. Y as\u00ed naci\u00f3 #mamasevaalaguerra.&nbsp;<\/p>\n\n\n\n<p><strong>PREGUNTA:<\/strong><strong> \u00bfQu\u00e9 ense\u00f1anza te llevas de tu enfermedad y de la de tu hija?<\/strong><\/p>\n\n\n\n<p><strong>RESPUESTA:<\/strong> Que la vida son dos d\u00edas, que uno est\u00e1s y al otro no, que un d\u00eda te levantas sana y te acuesta enferma, y que es fr\u00e1gil, muy fr\u00e1gil. Pero que, a pesar de todo, vale la pena cada segundo aqu\u00ed, cada lunes de trabajo, cada mi\u00e9rcoles de caf\u00e9 con las amigas, cada paseo de la mano de tu hija, cada domingo de sof\u00e1, peli y manta. Todo es bonito si sabemos ver la belleza en ello, hasta la rutina, esa de la que tanto nos quejamos a veces.<\/p>\n\n\n\n<p><strong>PREGUNTA:<\/strong><strong> Tu hija mayor, \u00bfc\u00f3mo ha llevado todo este proceso?<\/strong><\/p>\n\n\n\n<p><strong>RESPUESTA:<\/strong> De siempre le he contado la verdad, nunca dej\u00e9 que imaginara mucho, todo explicado a un nivel que pudiera entenderlo ya que cuando todo sucedi\u00f3 era muy peque\u00f1a. Esconderles la realidad no creo que les ayude mucho a entender qu\u00e9 sucede a su alrededor. Es una ni\u00f1a que enseguida empatiz\u00f3 con la situaci\u00f3n y, la verdad, me ayud\u00f3 mucho desde el minuto cero. Le ha tocado crecer demasiado deprisa, pero sigue siendo la ni\u00f1a que le toca ser, y esa es la parte sana de todo esto.<\/p>\n\n\n\n<p><strong>PREGUNTA:<\/strong><strong> \u00bfSe puede superar la p\u00e9rdida de un hijo?<\/strong><\/p>\n\n\n\n<p><strong>RESPUESTA:<\/strong> La p\u00e9rdida de un hijo no se supera nunca, solo puedes aprender a convivir con ello de la mejor forma posible, nadie nos ense\u00f1a a ser padres, lo vamos aprendiendo poco a poco, d\u00eda a d\u00eda. Menos nos ense\u00f1an a\u00fan a despedirnos de nuestros hijos, eso es antinatural y tambi\u00e9n se \u201caprende\u201d d\u00eda a d\u00eda, pero esta vez a la fuerza.<\/p>\n\n\n\n<p><strong>PREGUNTA:<\/strong><strong> \u00bfDe d\u00f3nde sacas la fuerza? \u00bfHas contado con apoyo externo?<\/strong><\/p>\n\n\n\n<p><strong>RESPUESTA:<\/strong> Saco las fuerzas de mi otra hija, suficiente ha sufrido ya ella, como para verme deca\u00edda, deprimida por los rincones y llorando todos los d\u00edas. Lo hago, claro que s\u00ed, me permito derrumbarme siempre que as\u00ed lo siento, pero soy consciente de que tengo tambi\u00e9n un motivo por el que salir a vivir. Siempre lo digo, yo soy sus pasos, ella me gu\u00eda y yo solamente dejo huella. Lo que mejor me va, es poder hablar con padres que por desgracia tambi\u00e9n han pasado por lo mismo, parece que as\u00ed tu dolor se hace m\u00e1s llevadero y comprendido por otros.<\/p>\n\n\n\n<p><strong>PREGUNTA:<\/strong><strong> \u00bfAlg\u00fan consejo para alguien en la misma situaci\u00f3n?<\/strong><\/p>\n\n\n\n<p><strong>RESPUESTA:<\/strong> Que se permita cada uno de sus sentimientos, la rabia, la ira, la tristeza\u2026 todos y cada uno de ellos forman parte de este duro golpe, pero son necesarios para sanar y salir a flote, poco a poco. Perm\u00edtete, y que nadie te diga el cu\u00e1ndo ni el c\u00f3mo de tu dolor&#8230;<br>\n<\/p>\n\n\n\n<p><strong>PREGUNTA:<\/strong><strong> \u00bfCu\u00e1l fue la raz\u00f3n para abrirte la cuenta de Instagram?<\/strong><\/p>\n\n\n\n<p><strong>RESPUESTA:<\/strong> En ning\u00fan momento abr\u00ed esta cuenta para contar mi historia o para intentar ayudar a nadie con ella, porque casi estaba m\u00e1s para que me ayudaran a m\u00ed en aquel entonces. Pero un d\u00eda, sentada en la butaca mientras recib\u00eda quimioterapia, pens\u00e9 en escupir todos esos sentimientos de los que os hablaba, y d\u00eda a d\u00eda fue sum\u00e1ndose la gente a esa realidad, mi realidad, tan cruel como real a la vez.&nbsp;<\/p>\n\n\n\n<p><strong>PREGUNTA:<\/strong><strong> \u00bfQu\u00e9 ha supuesto Instagram para tu vida?<\/strong><\/p>\n\n\n\n<p><strong>RESPUESTA:<\/strong> Me ha dado la posibilidad de poder ayudar a muchas personas a ponerle nombre a sus sentimientos no encontrados, a dar visibilidad al c\u00e1ncer por 3, soy paciente de c\u00e1ncer, madre de una ni\u00f1a enferma de c\u00e1ncer e hija de&nbsp;padre enfermo de c\u00e1ncer (falleci\u00f3 hace 8 meses). Es una realidad, es la m\u00eda y la de muchos, y a pesar de todos estos sucesos sigo pensando que la vida vale la pena cada d\u00eda. Y la gente necesita este chute de realidad, necesita encontrar ese aliciente para levantarse y seguir, y as\u00ed me lo hacen llegar familiares, amigos de pacientes, o simplemente personas que no le encontraban sentido a la vida.<\/p>\n\n\n\n<p><strong>PREGUNTA:<\/strong><strong> \u00bfPor qu\u00e9 escribir un libro? \u00bfC\u00f3mo ha sido la experiencia?<\/strong><\/p>\n\n\n\n<p><strong>RESPUESTA:<\/strong> Dejar todos los escrititos del d\u00eda a d\u00eda de dos a\u00f1os en una cuenta de Instagram que quiz\u00e1s alg\u00fan d\u00eda pueda desaparecer me parec\u00eda una l\u00e1stima. Quiero estar en las mesitas de noche de todas esas personas que crean poder necesitarlo, ser esa mano amiga cuando la vida duele, que por desgracia de eso he aprendi\u00f3 un rato.<\/p>\n\n\n\n<p><strong>PREGUNTA:<\/strong><strong> \u00bfNos cuentas de qu\u00e9 va el libro \u201cFelicidad&#8230;Cargando\u201d?<\/strong><\/p>\n\n\n\n<p><strong>RESPUESTA:<\/strong> Quise exponer en \u00e9l todo lo aprendido con la experiencia que me toc\u00f3 vivir y poder ser de ayuda aquellos que lo crean necesario.<\/p>\n\n\n\n<p><br>\n<strong>PREGUNTA:<\/strong><strong> \u00bfC\u00f3mo es tu vida ahora? Das charlas, colaborar con ONGs\u2026<\/strong><\/p>\n\n\n\n<p><strong>RESPUESTA:<\/strong> Estoy 100% involucrada en el c\u00e1ncer y ofrezco mi apoyo en todo lo que pueda y m\u00e1s, ya sea dando charlas, colaborando para dar visibilidad, creando eventos para recaudar fondos etc. Me ha quitado demasiado esta enfermedad y tengo algo muy personal con ella, me dejar\u00e9 la piel cada d\u00eda para que esta lacra desaparezca.<\/p>\n\n\n\n<p><strong>PREGUNTA:<\/strong><strong> Y te has convertido en copiloto de carreras. \u00bfC\u00f3mo surge eso?<\/strong><\/p>\n\n\n\n<p><strong>RESPUESTA:<\/strong> Me propusieron ser copiloto de rallyes hace dos a\u00f1os y no me lo pens\u00e9. Disfruto mucho con ello, es mejor que cualquier terapia para m\u00ed, es tener el cuerpo y la mente puestos al l\u00edmite (aqu\u00ed dejas todos los problemas a un lado por unas horas). Es muy satisfactorio y, una vez m\u00e1s, la lucha contra el c\u00e1ncer se viene conmigo y corremos bajo el lema A FONDO CONTRA EL C\u00c1NCER con el equipo que formamos con Retrocars competici\u00f3n.<\/p>\n\n\n\n<p><strong>PREGUNTA:<\/strong><strong> Para terminar, \u00bfcu\u00e1l es tu lema en la vida?<\/strong><\/p>\n\n\n\n<p><strong>RESPUESTA:<\/strong> \u00a1\u00a1\u00a1LA VIDA ES AHORA!!!<\/p>\n\n\n\n<p>\u00bfTe ha gustado esta entrevista? <a href=\"https:\/\/www.mandarinagarden.es\/blog\/entrevista-a-cristina-tebar-de-montessori-en-casa\/\">Tambi\u00e9n puedes ver esta que le hicimos a Cristina T\u00e9bar<\/a>, una experta en el M\u00e9todo Montessori, o echarle un ojo a los <a href=\"https:\/\/www.mandarinagarden.es\/blog\/\">art\u00edculos que publicamos en nuestro blog<\/a>.<br>\n<\/p>\n","protected":false},"excerpt":{"rendered":"<p>Cada 19 de octubre se celebra el D\u00eda Internacional Contra el C\u00e1ncer de Mama. Una fecha para concienciar a todo el mundo mundial sobre la &#8230;<\/p>\n","protected":false},"author":1,"featured_media":2274,"comment_status":"open","ping_status":"open","sticky":false,"template":"","format":"standard","meta":{"footnotes":""},"categories":[145,10],"tags":[162,123],"class_list":["post-2272","post","type-post","status-publish","format-standard","has-post-thumbnail","hentry","category-blogger","category-mandarina_garden","tag-entrevista","tag-instagram"],"_links":{"self":[{"href":"https:\/\/www.mandarinagarden.es\/blog\/wp-json\/wp\/v2\/posts\/2272","targetHints":{"allow":["GET"]}}],"collection":[{"href":"https:\/\/www.mandarinagarden.es\/blog\/wp-json\/wp\/v2\/posts"}],"about":[{"href":"https:\/\/www.mandarinagarden.es\/blog\/wp-json\/wp\/v2\/types\/post"}],"author":[{"embeddable":true,"href":"https:\/\/www.mandarinagarden.es\/blog\/wp-json\/wp\/v2\/users\/1"}],"replies":[{"embeddable":true,"href":"https:\/\/www.mandarinagarden.es\/blog\/wp-json\/wp\/v2\/comments?post=2272"}],"version-history":[{"count":1,"href":"https:\/\/www.mandarinagarden.es\/blog\/wp-json\/wp\/v2\/posts\/2272\/revisions"}],"predecessor-version":[{"id":2273,"href":"https:\/\/www.mandarinagarden.es\/blog\/wp-json\/wp\/v2\/posts\/2272\/revisions\/2273"}],"wp:featuredmedia":[{"embeddable":true,"href":"https:\/\/www.mandarinagarden.es\/blog\/wp-json\/wp\/v2\/media\/2274"}],"wp:attachment":[{"href":"https:\/\/www.mandarinagarden.es\/blog\/wp-json\/wp\/v2\/media?parent=2272"}],"wp:term":[{"taxonomy":"category","embeddable":true,"href":"https:\/\/www.mandarinagarden.es\/blog\/wp-json\/wp\/v2\/categories?post=2272"},{"taxonomy":"post_tag","embeddable":true,"href":"https:\/\/www.mandarinagarden.es\/blog\/wp-json\/wp\/v2\/tags?post=2272"}],"curies":[{"name":"wp","href":"https:\/\/api.w.org\/{rel}","templated":true}]}}