{"id":2018,"date":"2018-01-27T17:10:44","date_gmt":"2018-01-27T16:10:44","guid":{"rendered":"https:\/\/www.mandarinagarden.es\/blog\/?p=2018"},"modified":"2018-01-27T17:10:44","modified_gmt":"2018-01-27T16:10:44","slug":"las-mamas-blogeras","status":"publish","type":"post","link":"https:\/\/www.mandarinagarden.es\/blog\/las-mamas-blogeras\/","title":{"rendered":"Las mamas blogeras"},"content":{"rendered":"<p>Hace unos d\u00edas Ana me propuso que hiciera un post para su web y la idea me encant\u00f3.<\/p>\n<p><strong>Siempre que vengo a Mandarina Garden me siento como en la casita de caramelo<\/strong>. El azul aguamarina\u00a0de la decoraci\u00f3n combinado con el papel de pared de raya ancha en dos tonos rosas tan suyo, las guirnaldas de banderines, los pompones y todos esos detalles s\u00faper ideales me envuelven en una sensaci\u00f3n de felicidad muy dulce que imagino os pasara tambi\u00e9n si hab\u00e9is estado en alg\u00fan Mandarina garden.<\/p>\n<p>As\u00ed que, sentada aqu\u00ed tan feliz en mi mesita y con mi t\u00e9 fr\u00edo sabor a frutos rojos cojo mi blog de notas para empezar mi primer post.<br \/>\nLo m\u00e1s importante para escribir un post es tener un tema claro y yo lo tuve enseguida&#8230; \u201d<em><strong>Las mamas blogeras<\/strong><\/em>\u201d.<br \/>\n\u00bfPor qu\u00e9? Porque a m\u00ed, que soy madre, me inspiran mucho y en sus blogs encuentro un buen libro para leer con mi hijo por la noche, una receta divertida para que coma verdura, un sitio para ir a disfrutar en familia durante el fin de semana, lugares perfectos para viajar con ni\u00f1os y porque no, una terapia com\u00fan para aprender a ser mejor mam\u00e1.<\/p>\n<p>S\u00e9 que a Mandarina no solo vienen mamas y me vais a perdonar las que no lo sois pero os aseguro que a muchas de vosotras y porque no, de vosotros, os engancharan tambi\u00e9n estas \u201cmama blogeras\u201d.<br \/>\n<strong>Hay varias blogers que me gustan pero para este post he elegido a ocho.<\/strong><\/p>\n<p>Mi idea es presentaros a cada una de ellas brevemente, a\u00f1adir alguna foto que ilustre un poco y sobre todo poner el link para que las conozc\u00e1is, aunque es posible que hay\u00e1is o\u00eddo hablar de ellas e incluso las sig\u00e1is por Instagram.<\/p>\n<p><em><a href=\"http:\/\/www.beatrizmillan.com\" target=\"_blank\">www.beatrizmillan.com<\/a> y su instagram @beatrizmilan<\/em><br \/>\nTiene secciones muy apetecibles en su blog pero para m\u00ed lo mejor es que con ella\u00a0estar\u00e9is al d\u00eda de los mejores libros para leer con vuestros hijos.\u00a0De los \u00faltimos libros que he visto que recomienda est\u00e1 \u00ab<strong>El peque\u00f1o cavern\u00edcola<\/strong>\u00bb\u00a0de @emily_gravett (tambi\u00e9n en Instagram) autora de \u00abGrufalo\u00bb uno de los libros favoritos de mi hijo.<\/p>\n<p><img loading=\"lazy\" decoding=\"async\" class=\"aligncenter size-full wp-image-2021\" src=\"https:\/\/www.mandarinagarden.es\/blog\/wp-content\/uploads\/foto-1-mandarina.jpg\" alt=\"foto-1-mandarina\" width=\"800\" height=\"600\" srcset=\"https:\/\/www.mandarinagarden.es\/blog\/wp-content\/uploads\/foto-1-mandarina.jpg 800w, https:\/\/www.mandarinagarden.es\/blog\/wp-content\/uploads\/foto-1-mandarina-300x225.jpg 300w, https:\/\/www.mandarinagarden.es\/blog\/wp-content\/uploads\/foto-1-mandarina-768x576.jpg 768w, https:\/\/www.mandarinagarden.es\/blog\/wp-content\/uploads\/foto-1-mandarina-550x413.jpg 550w\" sizes=\"auto, (max-width: 800px) 100vw, 800px\" \/><br \/>\n<em><a href=\"http:\/\/www.unamamamotera.com\" target=\"_blank\">www.unamamamotera.com<\/a> y su instagram @unamamamotera<\/em><br \/>\nUna galer\u00eda en Instagram de <strong>fotos preciosas de sus hijos con looks divinos<\/strong> que os recomendar\u00e1 donde comprar y un blog donde, entre otras muchas cosas, <strong>encontrareis la receta de el mejor brownie del mundo<\/strong> que Mar\u00eda hizo con sus hijos. Pintaza!<\/p>\n<p><img loading=\"lazy\" decoding=\"async\" class=\"aligncenter size-full wp-image-2022\" src=\"https:\/\/www.mandarinagarden.es\/blog\/wp-content\/uploads\/foto-2-mandarina.jpg\" alt=\"foto-2-mandarina\" width=\"800\" height=\"600\" srcset=\"https:\/\/www.mandarinagarden.es\/blog\/wp-content\/uploads\/foto-2-mandarina.jpg 800w, https:\/\/www.mandarinagarden.es\/blog\/wp-content\/uploads\/foto-2-mandarina-300x225.jpg 300w, https:\/\/www.mandarinagarden.es\/blog\/wp-content\/uploads\/foto-2-mandarina-768x576.jpg 768w, https:\/\/www.mandarinagarden.es\/blog\/wp-content\/uploads\/foto-2-mandarina-550x413.jpg 550w\" sizes=\"auto, (max-width: 800px) 100vw, 800px\" \/><br \/>\n<a href=\"http:\/\/www.conbotasdeagua.com\" target=\"_blank\">www.conbotasdeagua.com<\/a> y su instagram @conbotasdeagua<br \/>\nAqu\u00ed encontrareis <strong>miles de recomendaciones sobre marcas que nos gustan, casas, direcciones, recetas<\/strong>, su diario con contenido para grandes y peque\u00f1os todo aderezado con mucho love.\u00a0Adem\u00e1s, como ya nos anuncio en junio, esta la nueva secci\u00f3n The Gang que ten\u00e9is que conocer, a mi me parece absolutamente genial!.<\/p>\n<p><img loading=\"lazy\" decoding=\"async\" class=\"aligncenter size-full wp-image-2023\" src=\"https:\/\/www.mandarinagarden.es\/blog\/wp-content\/uploads\/foto-3-mandarina.jpg\" alt=\"foto-3-mandarina\" width=\"600\" height=\"800\" srcset=\"https:\/\/www.mandarinagarden.es\/blog\/wp-content\/uploads\/foto-3-mandarina.jpg 600w, https:\/\/www.mandarinagarden.es\/blog\/wp-content\/uploads\/foto-3-mandarina-225x300.jpg 225w, https:\/\/www.mandarinagarden.es\/blog\/wp-content\/uploads\/foto-3-mandarina-550x733.jpg 550w\" sizes=\"auto, (max-width: 600px) 100vw, 600px\" \/><br \/>\n<em><a href=\"http:\/\/www.clarabmartin.com\" target=\"_blank\">www.clarabmartin.com<\/a> y su instagram @clarabmartin<\/em><br \/>\nDestaco de Clara como te <strong>transporta a las ciudades que recomienda en su secci\u00f3n Travel &amp; kids y su secci\u00f3n DIY<\/strong> que viene muy bien para cuando hacemos planes caseros.<br \/>\nY no os pod\u00e9is perder su galer\u00eda de fotos de instagram, bonitas es poco!<\/p>\n<p><img loading=\"lazy\" decoding=\"async\" class=\"aligncenter size-full wp-image-2024\" src=\"https:\/\/www.mandarinagarden.es\/blog\/wp-content\/uploads\/foto-4-Mandarina.jpg\" alt=\"foto-4-Mandarina\" width=\"800\" height=\"600\" srcset=\"https:\/\/www.mandarinagarden.es\/blog\/wp-content\/uploads\/foto-4-Mandarina.jpg 800w, https:\/\/www.mandarinagarden.es\/blog\/wp-content\/uploads\/foto-4-Mandarina-300x225.jpg 300w, https:\/\/www.mandarinagarden.es\/blog\/wp-content\/uploads\/foto-4-Mandarina-768x576.jpg 768w, https:\/\/www.mandarinagarden.es\/blog\/wp-content\/uploads\/foto-4-Mandarina-550x413.jpg 550w\" sizes=\"auto, (max-width: 800px) 100vw, 800px\" \/><br \/>\n<em><a href=\"http:\/\/www.jhoannarola.com\" target=\"_blank\">www.jhoannarola.com<\/a> y su instagram @jhoannarola<\/em><br \/>\nPara m\u00ed el secreto del \u00e9xito de jhoanna y por lo que yo la sigo en instagram, es <strong>su espontaneidad y positivismo, cuando lees sus reflexiones y consejos<\/strong> te da un subid\u00f3n de optimismo para afrontar con m\u00e1s energ\u00eda los sue\u00f1os por cumplir.<br \/>\nAdem\u00e1s sus recetas son deliciosas, recomienda un mont\u00f3n de marcas de lo m\u00e1s apetecibles, hace unas alfombras de trapillo preciosas y como no decirlo, las fotos que hace a su peque\u00f1o aventurero son geniales. Ya lo ver\u00e9is!<\/p>\n<p><img loading=\"lazy\" decoding=\"async\" class=\"aligncenter size-full wp-image-2025\" src=\"https:\/\/www.mandarinagarden.es\/blog\/wp-content\/uploads\/foto-5-mandarina.jpg\" alt=\"foto-5-mandarina\" width=\"800\" height=\"600\" srcset=\"https:\/\/www.mandarinagarden.es\/blog\/wp-content\/uploads\/foto-5-mandarina.jpg 800w, https:\/\/www.mandarinagarden.es\/blog\/wp-content\/uploads\/foto-5-mandarina-300x225.jpg 300w, https:\/\/www.mandarinagarden.es\/blog\/wp-content\/uploads\/foto-5-mandarina-768x576.jpg 768w, https:\/\/www.mandarinagarden.es\/blog\/wp-content\/uploads\/foto-5-mandarina-550x413.jpg 550w\" sizes=\"auto, (max-width: 800px) 100vw, 800px\" \/><br \/>\n<em><a href=\"http:\/\/www.eltallerdelascosasbonitas.com\" target=\"_blank\">www.eltallerdelascosasbonitas.com<\/a> y su instagram @monica_diago<\/em><br \/>\nEl nombre de su blog lo dice todo, <strong>sus post son siempre de cosas bonitas<\/strong>.\u00a0Y ser\u00e1 porque estoy pensando en mis pr\u00f3ximas vacaciones (siempre me pasa cuando acaba el verano) pero, su post sobre Martinhal Hotel Ressort me da una idea de donde quiero ir.<br \/>\n<img loading=\"lazy\" decoding=\"async\" class=\"aligncenter size-full wp-image-2026\" src=\"https:\/\/www.mandarinagarden.es\/blog\/wp-content\/uploads\/foto-6-Mandarina.jpg\" alt=\"foto-6-Mandarina\" width=\"800\" height=\"600\" srcset=\"https:\/\/www.mandarinagarden.es\/blog\/wp-content\/uploads\/foto-6-Mandarina.jpg 800w, https:\/\/www.mandarinagarden.es\/blog\/wp-content\/uploads\/foto-6-Mandarina-300x225.jpg 300w, https:\/\/www.mandarinagarden.es\/blog\/wp-content\/uploads\/foto-6-Mandarina-768x576.jpg 768w, https:\/\/www.mandarinagarden.es\/blog\/wp-content\/uploads\/foto-6-Mandarina-550x413.jpg 550w\" sizes=\"auto, (max-width: 800px) 100vw, 800px\" \/><\/p>\n<p>&nbsp;<\/p>\n<p><em><a href=\"http:\/\/www.lidiabedman.com\" target=\"_blank\">www.lidiabedman.com<\/a> y su instagram @lidiabedman.com<\/em><br \/>\nA trav\u00e9s de su instagram o blog podr\u00e9is <strong>seguir sus looks, trucos y recomendaciones en moda, belleza, maternidad, viajes con ni\u00f1os y decoraci\u00f3n infantil<\/strong>.\u00a0En su secci\u00f3n kids pone\u00a0los looks de Jimena y Santi que os resultara de gran inspiraci\u00f3n a las mamas que ten\u00e9is la parejitas porque, podr\u00e9is ver como los coordina para que vayan a juego siempre tan ideales.\u00a0Y si estais pesando en tener un bebe o estais ya embarazadas os propongo entrar en su secci\u00f3n Premama que seguro os servira de ayuda.<\/p>\n<p>Pero a mi, aunque me encantan todas sus propuestas, quiz\u00e1 la secci\u00f3n Beauty sea mi favorita porque tener un poco de tiempo para nosotras es fundamental.<\/p>\n<p><img loading=\"lazy\" decoding=\"async\" class=\"aligncenter size-full wp-image-2028\" src=\"https:\/\/www.mandarinagarden.es\/blog\/wp-content\/uploads\/foto-7-Mandarina.jpg\" alt=\"foto-7-Mandarina\" width=\"600\" height=\"800\" srcset=\"https:\/\/www.mandarinagarden.es\/blog\/wp-content\/uploads\/foto-7-Mandarina.jpg 600w, https:\/\/www.mandarinagarden.es\/blog\/wp-content\/uploads\/foto-7-Mandarina-225x300.jpg 225w, https:\/\/www.mandarinagarden.es\/blog\/wp-content\/uploads\/foto-7-Mandarina-550x733.jpg 550w\" sizes=\"auto, (max-width: 600px) 100vw, 600px\" \/><\/p>\n<p>&nbsp;<\/p>\n<p>Por \u00faltimo, ya que Mandarina naci\u00f3 en Alicante esta recomendaci\u00f3n es sobre todo para las mamas de aqu\u00ed.<\/p>\n<p><em><a href=\"http:\/\/www.lidiabedman.com\" target=\"_blank\">www.monicasantonja.com<\/a> y su instagram @msantonjag<\/em><br \/>\nM\u00f3nica plasma en sus fotos las mejores im\u00e1genes para recordar, <strong>tiene una\u00a0sensibilidad \u00fanica para fotografiar a los ni\u00f1os y a toda la familia<\/strong>.\u00a0Y si estas pensando en ser mama o est\u00e1n a punto de serlo, guarda en la agenda este contacto porque sus fotos de reci\u00e9n nacido son puro amor.\u00a0Tiene un post, esto os interesar\u00e1 a todos, donde da recomendaciones para hacer un \u00e1lbum con las fotos del verano.<\/p>\n<p><img loading=\"lazy\" decoding=\"async\" class=\"aligncenter size-full wp-image-2027\" src=\"https:\/\/www.mandarinagarden.es\/blog\/wp-content\/uploads\/foto-8-mandarina.jpg\" alt=\"foto-8-mandarina\" width=\"800\" height=\"600\" srcset=\"https:\/\/www.mandarinagarden.es\/blog\/wp-content\/uploads\/foto-8-mandarina.jpg 800w, https:\/\/www.mandarinagarden.es\/blog\/wp-content\/uploads\/foto-8-mandarina-300x225.jpg 300w, https:\/\/www.mandarinagarden.es\/blog\/wp-content\/uploads\/foto-8-mandarina-768x576.jpg 768w, https:\/\/www.mandarinagarden.es\/blog\/wp-content\/uploads\/foto-8-mandarina-550x413.jpg 550w\" sizes=\"auto, (max-width: 800px) 100vw, 800px\" \/><br \/>\nPara terminar quiero contaros que, si sois muy fans de Instagram y os gusta la fotograf\u00eda hay un hashtag <strong>#conmiradademadre<\/strong> que lo expresa todo.<\/p>\n<p><img loading=\"lazy\" decoding=\"async\" class=\"aligncenter size-full wp-image-2029\" src=\"https:\/\/www.mandarinagarden.es\/blog\/wp-content\/uploads\/foto-9-Mandarina.jpg\" alt=\"foto-9-Mandarina\" width=\"800\" height=\"600\" srcset=\"https:\/\/www.mandarinagarden.es\/blog\/wp-content\/uploads\/foto-9-Mandarina.jpg 800w, https:\/\/www.mandarinagarden.es\/blog\/wp-content\/uploads\/foto-9-Mandarina-300x225.jpg 300w, https:\/\/www.mandarinagarden.es\/blog\/wp-content\/uploads\/foto-9-Mandarina-768x576.jpg 768w, https:\/\/www.mandarinagarden.es\/blog\/wp-content\/uploads\/foto-9-Mandarina-550x413.jpg 550w\" sizes=\"auto, (max-width: 800px) 100vw, 800px\" \/><br \/>\nEspero que os resulte interesante todo lo que os he contado.<br \/>\nYo me quedo un ratito m\u00e1s aqu\u00ed con mi t\u00e9!<br \/>\nPor cierto, no me he presentado, soy Victoria de @mifiestadepapel<\/p>\n<p>Besos para todos!<\/p>\n","protected":false},"excerpt":{"rendered":"<p>Hace unos d\u00edas Ana me propuso que hiciera un post para su web y la idea me encant\u00f3. Siempre que vengo a Mandarina Garden me &#8230;<\/p>\n","protected":false},"author":1,"featured_media":2027,"comment_status":"open","ping_status":"open","sticky":false,"template":"","format":"standard","meta":{"footnotes":""},"categories":[145,130,1],"tags":[143,142,146,144,87],"class_list":["post-2018","post","type-post","status-publish","format-standard","has-post-thumbnail","hentry","category-blogger","category-estilo-de-vida","category-sin-categoria","tag-blog","tag-bloggers","tag-influencers","tag-mamis","tag-ninos"],"_links":{"self":[{"href":"https:\/\/www.mandarinagarden.es\/blog\/wp-json\/wp\/v2\/posts\/2018","targetHints":{"allow":["GET"]}}],"collection":[{"href":"https:\/\/www.mandarinagarden.es\/blog\/wp-json\/wp\/v2\/posts"}],"about":[{"href":"https:\/\/www.mandarinagarden.es\/blog\/wp-json\/wp\/v2\/types\/post"}],"author":[{"embeddable":true,"href":"https:\/\/www.mandarinagarden.es\/blog\/wp-json\/wp\/v2\/users\/1"}],"replies":[{"embeddable":true,"href":"https:\/\/www.mandarinagarden.es\/blog\/wp-json\/wp\/v2\/comments?post=2018"}],"version-history":[{"count":3,"href":"https:\/\/www.mandarinagarden.es\/blog\/wp-json\/wp\/v2\/posts\/2018\/revisions"}],"predecessor-version":[{"id":2030,"href":"https:\/\/www.mandarinagarden.es\/blog\/wp-json\/wp\/v2\/posts\/2018\/revisions\/2030"}],"wp:featuredmedia":[{"embeddable":true,"href":"https:\/\/www.mandarinagarden.es\/blog\/wp-json\/wp\/v2\/media\/2027"}],"wp:attachment":[{"href":"https:\/\/www.mandarinagarden.es\/blog\/wp-json\/wp\/v2\/media?parent=2018"}],"wp:term":[{"taxonomy":"category","embeddable":true,"href":"https:\/\/www.mandarinagarden.es\/blog\/wp-json\/wp\/v2\/categories?post=2018"},{"taxonomy":"post_tag","embeddable":true,"href":"https:\/\/www.mandarinagarden.es\/blog\/wp-json\/wp\/v2\/tags?post=2018"}],"curies":[{"name":"wp","href":"https:\/\/api.w.org\/{rel}","templated":true}]}}