{"id":1711,"date":"2014-11-25T09:50:39","date_gmt":"2014-11-25T09:50:39","guid":{"rendered":"http:\/\/blog.mandarinagarden.es\/?p=1711"},"modified":"2014-11-25T09:55:40","modified_gmt":"2014-11-25T09:55:40","slug":"calendario-adviento-familiar","status":"publish","type":"post","link":"https:\/\/www.mandarinagarden.es\/blog\/calendario-adviento-familiar\/","title":{"rendered":"C\u00f3mo hacer un calendario de Adviento Familiar"},"content":{"rendered":"<h2 style=\"text-align: justify;\">Ya se acerca la Navidad<\/h2>\n<p style=\"text-align: justify;\">Ya la tenemos a la vuelta de la esquina!! Casi de manga corta que vamos por estas latitudes, pero ya est\u00e1 muy cerquita <strong>la Navidad<\/strong>.\u00a0Y me encanta!!<\/p>\n<p style=\"text-align: justify;\">Siempre me ha gustado pero reconozco que desde que tengo hijos me gusta mucho m\u00e1s y la disfruto como una enana. Y si a eso a\u00f1adimos la locura de la moda del <strong>Craft<\/strong>, mejor que mejor.<\/p>\n<p style=\"text-align: justify;\">Desde hace unos a\u00f1os hemos <strong>modificado la tradici\u00f3n<\/strong> del calendario de Adviento. A las simples ventanitas que esconden una chocolatina cada d\u00eda hemos a\u00f1adido un <strong>calendario \u201checho a mano\u201d<\/strong> que esconde cada d\u00eda una peque\u00f1a sorpresa. Y este a\u00f1o vamos a compartir por aqu\u00ed el nuestro por si alguien se anima a hacerlo.<\/p>\n<p style=\"text-align: justify;\">Me gusta que el calendario sea <strong>f\u00e1cil de hacer<\/strong> para que ellos participen al m\u00e1ximo y se impliquen, desde el paseo por Pinterest para elegir cual hacemos, hasta el momento en que lo colocamos en su sitio (eso s\u00ed vac\u00edo, ya que eso lo hago sola para poder sorprenderlos un poco).<\/p>\n<p style=\"text-align: justify;\">Y este fue el que eligieron hacer!!!!<\/p>\n<p style=\"text-align: justify;\"><a href=\"http:\/\/blog.mandarinagarden.es\/wp-content\/uploads\/adviento1.jpg\"><img loading=\"lazy\" decoding=\"async\" class=\"aligncenter size-large wp-image-1716\" title=\"Calendario de Adviento 1\" src=\"http:\/\/blog.mandarinagarden.es\/wp-content\/uploads\/adviento1-1024x768.jpg\" alt=\"Calendario de Adviento made in Mandarina garden\" width=\"960\" height=\"720\" srcset=\"https:\/\/www.mandarinagarden.es\/blog\/wp-content\/uploads\/adviento1-1024x768.jpg 1024w, https:\/\/www.mandarinagarden.es\/blog\/wp-content\/uploads\/adviento1-300x225.jpg 300w, https:\/\/www.mandarinagarden.es\/blog\/wp-content\/uploads\/adviento1-200x150.jpg 200w, https:\/\/www.mandarinagarden.es\/blog\/wp-content\/uploads\/adviento1.jpg 1200w\" sizes=\"auto, (max-width: 960px) 100vw, 960px\" \/><\/a><\/p>\n<p style=\"text-align: justify;\">Me encanta porque es <strong>f\u00e1cil<\/strong>, con materiales reciclados <strong>y peque\u00f1ito<\/strong>, por lo que puede tener lugar en todas las casas.<\/p>\n<p style=\"text-align: justify;\">S\u00f3lo necesitamos recoger estos materiales.<\/p>\n<p style=\"text-align: justify;\"><a href=\"http:\/\/blog.mandarinagarden.es\/wp-content\/uploads\/adviento-2.jpg\"><img loading=\"lazy\" decoding=\"async\" class=\"aligncenter size-large wp-image-1718\" title=\"Calendario de Adviento 2\" src=\"http:\/\/blog.mandarinagarden.es\/wp-content\/uploads\/adviento-2-1024x768.jpg\" alt=\"Calendario de Adviento made in Mandarina garden\" width=\"960\" height=\"720\" srcset=\"https:\/\/www.mandarinagarden.es\/blog\/wp-content\/uploads\/adviento-2-1024x768.jpg 1024w, https:\/\/www.mandarinagarden.es\/blog\/wp-content\/uploads\/adviento-2-300x225.jpg 300w, https:\/\/www.mandarinagarden.es\/blog\/wp-content\/uploads\/adviento-2-200x150.jpg 200w, https:\/\/www.mandarinagarden.es\/blog\/wp-content\/uploads\/adviento-2.jpg 1200w\" sizes=\"auto, (max-width: 960px) 100vw, 960px\" \/><\/a><\/p>\n<p style=\"text-align: justify;\">Paso 1. Forramos la <strong>caja<\/strong> con el papel de regalo para que nuestra casa quede bien bonita.<\/p>\n<p style=\"text-align: justify;\"><a href=\"http:\/\/blog.mandarinagarden.es\/wp-content\/uploads\/adviento3.jpg\"><img loading=\"lazy\" decoding=\"async\" class=\"aligncenter size-large wp-image-1719\" title=\"Calendario de Adviento 3\" src=\"http:\/\/blog.mandarinagarden.es\/wp-content\/uploads\/adviento3-1024x768.jpg\" alt=\"Calendario de Adviento made in Mandarina garden\" width=\"960\" height=\"720\" srcset=\"https:\/\/www.mandarinagarden.es\/blog\/wp-content\/uploads\/adviento3-1024x768.jpg 1024w, https:\/\/www.mandarinagarden.es\/blog\/wp-content\/uploads\/adviento3-300x225.jpg 300w, https:\/\/www.mandarinagarden.es\/blog\/wp-content\/uploads\/adviento3-200x150.jpg 200w, https:\/\/www.mandarinagarden.es\/blog\/wp-content\/uploads\/adviento3.jpg 1200w\" sizes=\"auto, (max-width: 960px) 100vw, 960px\" \/><\/a><\/p>\n<p style=\"text-align: justify;\">Paso 2. Escribimos <strong>los n\u00fameros<\/strong> del 1 al 24 en los moldes de las madalenas.<\/p>\n<p style=\"text-align: justify;\"><a href=\"http:\/\/blog.mandarinagarden.es\/wp-content\/uploads\/adviento4.jpg\"><img loading=\"lazy\" decoding=\"async\" class=\"aligncenter size-large wp-image-1720\" title=\"Calendario de Adviento 4\" src=\"http:\/\/blog.mandarinagarden.es\/wp-content\/uploads\/adviento4-768x1024.jpg\" alt=\"Calendario de Adviento made in Mandarina garden\" width=\"768\" height=\"1024\" srcset=\"https:\/\/www.mandarinagarden.es\/blog\/wp-content\/uploads\/adviento4-768x1024.jpg 768w, https:\/\/www.mandarinagarden.es\/blog\/wp-content\/uploads\/adviento4-225x300.jpg 225w, https:\/\/www.mandarinagarden.es\/blog\/wp-content\/uploads\/adviento4.jpg 900w\" sizes=\"auto, (max-width: 768px) 100vw, 768px\" \/><\/a><\/p>\n<p style=\"text-align: justify;\">Paso 3. <strong>Pegamos<\/strong> el molde de la madalena al borde del rollo de cart\u00f3n, con silicona caliente o bien con cola. Yo prefiero la silicona ya que el efecto es inmediato, pero debemos llevar mucho cuidado, sobretodo los ni\u00f1os, ya que puede quemar.<\/p>\n<p style=\"text-align: justify;\"><a href=\"http:\/\/blog.mandarinagarden.es\/wp-content\/uploads\/adviento5.jpg\"><img loading=\"lazy\" decoding=\"async\" class=\"aligncenter size-large wp-image-1722\" title=\"Calendario de Adviento 5\" src=\"http:\/\/blog.mandarinagarden.es\/wp-content\/uploads\/adviento5-794x1024.jpg\" alt=\"Calendario de Adviento made in Mandarina garden\" width=\"794\" height=\"1024\" srcset=\"https:\/\/www.mandarinagarden.es\/blog\/wp-content\/uploads\/adviento5-794x1024.jpg 794w, https:\/\/www.mandarinagarden.es\/blog\/wp-content\/uploads\/adviento5-232x300.jpg 232w, https:\/\/www.mandarinagarden.es\/blog\/wp-content\/uploads\/adviento5.jpg 878w\" sizes=\"auto, (max-width: 794px) 100vw, 794px\" \/><\/a><\/p>\n<p style=\"text-align: justify;\">Paso 4. <strong>Metemos los 24 rollos<\/strong> en la caja. Al quedar apretaditos no se mover\u00e1n.<\/p>\n<p style=\"text-align: justify;\"><a href=\"http:\/\/blog.mandarinagarden.es\/wp-content\/uploads\/adviento6.jpg\"><img loading=\"lazy\" decoding=\"async\" class=\"aligncenter size-large wp-image-1723\" title=\"Calendario de Adviento 6\" src=\"http:\/\/blog.mandarinagarden.es\/wp-content\/uploads\/adviento6-768x1024.jpg\" alt=\"Calendario de Adviento made in Mandarina garden\" width=\"768\" height=\"1024\" srcset=\"https:\/\/www.mandarinagarden.es\/blog\/wp-content\/uploads\/adviento6-768x1024.jpg 768w, https:\/\/www.mandarinagarden.es\/blog\/wp-content\/uploads\/adviento6-225x300.jpg 225w, https:\/\/www.mandarinagarden.es\/blog\/wp-content\/uploads\/adviento6.jpg 900w\" sizes=\"auto, (max-width: 768px) 100vw, 768px\" \/><\/a><\/p>\n<p style=\"text-align: justify;\">Paso 5. Ahora que ya tenemos la estructura principal <strong>cada uno lo decorar\u00e1<\/strong> cuanto y como quiera.<\/p>\n<p style=\"text-align: justify;\">Mis herederos le han querido hacer un tejado con cartones, eso s\u00ed cubri\u00e9ndolo de oro con purpurina, esa gran adicci\u00f3n de los ni\u00f1os y la pesadilla de los pap\u00e1s que nunca limpian suficiente para deshacerse de ella.<\/p>\n<p style=\"text-align: justify;\"><a href=\"http:\/\/blog.mandarinagarden.es\/wp-content\/uploads\/adviento7.jpg\"><img loading=\"lazy\" decoding=\"async\" class=\"aligncenter size-large wp-image-1724\" title=\"Calendario de Adviento 7\" src=\"http:\/\/blog.mandarinagarden.es\/wp-content\/uploads\/adviento7-719x1024.jpg\" alt=\"Calendario de Adviento made in Mandarina garden\" width=\"719\" height=\"1024\" srcset=\"https:\/\/www.mandarinagarden.es\/blog\/wp-content\/uploads\/adviento7-719x1024.jpg 719w, https:\/\/www.mandarinagarden.es\/blog\/wp-content\/uploads\/adviento7-210x300.jpg 210w, https:\/\/www.mandarinagarden.es\/blog\/wp-content\/uploads\/adviento7.jpg 841w\" sizes=\"auto, (max-width: 719px) 100vw, 719px\" \/><\/a><\/p>\n<p style=\"text-align: justify;\">Paso 6. Por \u00faltimo nos toca pensar en <strong>los regalitos<\/strong> que meteremos en cada uno de los tubitos.<\/p>\n<p style=\"text-align: justify;\">Yo suelo meterles chuches, chocolates, alg\u00fan juguetito chorra o planes que hacer todos juntos.<\/p>\n<p style=\"text-align: justify;\"><a href=\"http:\/\/blog.mandarinagarden.es\/wp-content\/uploads\/adviento8.jpg\"><img loading=\"lazy\" decoding=\"async\" class=\"aligncenter size-large wp-image-1725\" title=\"Calendario de Adviento 8\" src=\"http:\/\/blog.mandarinagarden.es\/wp-content\/uploads\/adviento8-1024x768.jpg\" alt=\"Calendario de Adviento made in Mandarina garden\" width=\"960\" height=\"720\" srcset=\"https:\/\/www.mandarinagarden.es\/blog\/wp-content\/uploads\/adviento8-1024x768.jpg 1024w, https:\/\/www.mandarinagarden.es\/blog\/wp-content\/uploads\/adviento8-300x225.jpg 300w, https:\/\/www.mandarinagarden.es\/blog\/wp-content\/uploads\/adviento8-200x150.jpg 200w, https:\/\/www.mandarinagarden.es\/blog\/wp-content\/uploads\/adviento8.jpg 1200w\" sizes=\"auto, (max-width: 960px) 100vw, 960px\" \/><\/a><\/p>\n<p style=\"text-align: justify;\">Y lo m\u00e1s dif\u00edcil en mi caso\u2026que se pongan de acuerdo en <strong>qui\u00e9n abre el primer tubo !!!!<\/strong><\/p>\n<p style=\"text-align: justify;\"><a href=\"http:\/\/blog.mandarinagarden.es\/wp-content\/uploads\/adviento9.jpg\"><img loading=\"lazy\" decoding=\"async\" class=\"aligncenter size-large wp-image-1726\" title=\"Calendario de Adviento 9\" src=\"http:\/\/blog.mandarinagarden.es\/wp-content\/uploads\/adviento9-1024x768.jpg\" alt=\"Calendario de Adviento made in Mandarina garden\" width=\"960\" height=\"720\" srcset=\"https:\/\/www.mandarinagarden.es\/blog\/wp-content\/uploads\/adviento9-1024x768.jpg 1024w, https:\/\/www.mandarinagarden.es\/blog\/wp-content\/uploads\/adviento9-300x225.jpg 300w, https:\/\/www.mandarinagarden.es\/blog\/wp-content\/uploads\/adviento9-200x150.jpg 200w, https:\/\/www.mandarinagarden.es\/blog\/wp-content\/uploads\/adviento9.jpg 1200w\" sizes=\"auto, (max-width: 960px) 100vw, 960px\" \/><\/a><\/p>\n<p style=\"text-align: justify;\">Animaros a preparar vuestro propio <strong>Calendario de Adviento familiar<\/strong>, que os permitir\u00e1 pasar muy buenos ratos juntos y que ellos se sientan orgullosos de que est\u00e1 hecho con sus manitas, en la medida de lo posible.<\/p>\n<p style=\"text-align: justify;\">Si quer\u00e9is ver m\u00e1s ideas de calendarios os invito a pasearos por mi carpeta <a href=\"http:\/\/www.pinterest.com\/mburillos\/christmas\/\" target=\"_blank\">Christmas<\/a> de Pinterest donde he ido guardando las que m\u00e1s me han gustado.<\/p>\n<p style=\"text-align: justify;\">Besitos y hasta la pr\u00f3xima !!<\/p>\n","protected":false},"excerpt":{"rendered":"<p>Ya se acerca la Navidad Ya la tenemos a la vuelta de la esquina!! Casi de manga corta que vamos por estas latitudes, pero ya &#8230;<\/p>\n","protected":false},"author":1,"featured_media":1728,"comment_status":"open","ping_status":"open","sticky":false,"template":"","format":"standard","meta":{"footnotes":""},"categories":[84],"tags":[97,53,70,90,98,87,73,99],"class_list":["post-1711","post","type-post","status-publish","format-standard","has-post-thumbnail","hentry","category-mandarina-friends","tag-adviento","tag-calendario","tag-divertido","tag-handmade","tag-navidad","tag-ninos","tag-regalos","tag-sorpresas"],"_links":{"self":[{"href":"https:\/\/www.mandarinagarden.es\/blog\/wp-json\/wp\/v2\/posts\/1711","targetHints":{"allow":["GET"]}}],"collection":[{"href":"https:\/\/www.mandarinagarden.es\/blog\/wp-json\/wp\/v2\/posts"}],"about":[{"href":"https:\/\/www.mandarinagarden.es\/blog\/wp-json\/wp\/v2\/types\/post"}],"author":[{"embeddable":true,"href":"https:\/\/www.mandarinagarden.es\/blog\/wp-json\/wp\/v2\/users\/1"}],"replies":[{"embeddable":true,"href":"https:\/\/www.mandarinagarden.es\/blog\/wp-json\/wp\/v2\/comments?post=1711"}],"version-history":[{"count":17,"href":"https:\/\/www.mandarinagarden.es\/blog\/wp-json\/wp\/v2\/posts\/1711\/revisions"}],"predecessor-version":[{"id":1736,"href":"https:\/\/www.mandarinagarden.es\/blog\/wp-json\/wp\/v2\/posts\/1711\/revisions\/1736"}],"wp:featuredmedia":[{"embeddable":true,"href":"https:\/\/www.mandarinagarden.es\/blog\/wp-json\/wp\/v2\/media\/1728"}],"wp:attachment":[{"href":"https:\/\/www.mandarinagarden.es\/blog\/wp-json\/wp\/v2\/media?parent=1711"}],"wp:term":[{"taxonomy":"category","embeddable":true,"href":"https:\/\/www.mandarinagarden.es\/blog\/wp-json\/wp\/v2\/categories?post=1711"},{"taxonomy":"post_tag","embeddable":true,"href":"https:\/\/www.mandarinagarden.es\/blog\/wp-json\/wp\/v2\/tags?post=1711"}],"curies":[{"name":"wp","href":"https:\/\/api.w.org\/{rel}","templated":true}]}}