{"id":1326,"date":"2014-08-27T06:54:40","date_gmt":"2014-08-27T06:54:40","guid":{"rendered":"http:\/\/blog.mandarinagarden.es\/?p=1326"},"modified":"2014-08-27T08:02:59","modified_gmt":"2014-08-27T08:02:59","slug":"mandarina-slow-cafe-open","status":"publish","type":"post","link":"https:\/\/www.mandarinagarden.es\/blog\/mandarina-slow-cafe-open\/","title":{"rendered":"MANDARINA SLOW CAFE OPEN DE 9 A 21 H"},"content":{"rendered":"<div style=\"text-align: justify;\">\n<p>La gran <strong>novedad<\/strong> de Mandarina es que a partir del <strong>1 de septiembre<\/strong> estaremos abiertos <strong>de 9 a 21<\/strong> <strong>horas<\/strong>. No cerraremos a medio d\u00eda y s\u00ed, podr\u00e9is <strong>comer<\/strong> en <strong>Mandarina sweet caf\u00e9<\/strong>! nuestros men\u00fas os van a enamorar ya que\u00a0os vamos a cuidar por dentro.<\/p>\n<p>Tendremos un solo <strong>men\u00fa diario<\/strong>, diferente cada d\u00eda, con alimentos de temporada de aqu\u00ed, <strong>ECOS<\/strong> \u00a0y <strong>BIOS<\/strong>.<\/p>\n<p>En mandarina sabr\u00e9is lo que com\u00e9is, no contaremos calor\u00edas pero s\u00ed nutrientes.<\/p>\n<\/div>\n<div style=\"text-align: justify;\"><\/div>\n<div style=\"text-align: justify;\"><a href=\"http:\/\/blog.mandarinagarden.es\/wp-content\/uploads\/IMG_4394.jpg\"><img loading=\"lazy\" decoding=\"async\" class=\"aligncenter size-full wp-image-1330\" title=\"IMG_4394\" src=\"http:\/\/blog.mandarinagarden.es\/wp-content\/uploads\/IMG_4394.jpg\" alt=\"\" width=\"625\" height=\"422\" srcset=\"https:\/\/www.mandarinagarden.es\/blog\/wp-content\/uploads\/IMG_4394.jpg 625w, https:\/\/www.mandarinagarden.es\/blog\/wp-content\/uploads\/IMG_4394-300x202.jpg 300w, https:\/\/www.mandarinagarden.es\/blog\/wp-content\/uploads\/IMG_4394-264x179.jpg 264w\" sizes=\"auto, (max-width: 625px) 100vw, 625px\" \/><\/a><\/div>\n<p>&nbsp;<\/p>\n<p style=\"text-align: justify;\">Mandarina quiere alimentarse en el sentido <strong>SLOW FOOD<\/strong>. Queremos comer con atenci\u00f3n, en especial valorando la calidad de los alimentos y \u00a0teniendo en cuenta la procedencia de las materias primas y el modo de cocinarlas.<\/p>\n<div style=\"text-align: justify;\">Mandarina pretende recuperar las <strong>costumbres alimentarias<\/strong> saludables, consumiendo platos nutritivos y completos utilizando ingredientes que sean consistentes y que nos aporten lo necesario a nuestro organismo como pueden ser legumbres, pastas, carnes o pescados, verduras, etc.<\/div>\n<p>&nbsp;<\/p>\n<div style=\"text-align: justify;\"><a href=\"http:\/\/blog.mandarinagarden.es\/wp-content\/uploads\/IMG_37142.jpg\"><img loading=\"lazy\" decoding=\"async\" class=\"aligncenter  wp-image-1331\" title=\"IMG_3714\" src=\"http:\/\/blog.mandarinagarden.es\/wp-content\/uploads\/IMG_37142.jpg\" alt=\"\" width=\"1958\" height=\"1469\" \/><\/a><\/div>\n<p>&nbsp;<\/p>\n<p style=\"text-align: justify;\">Este nuevo concepto tiene la base de una <strong>dieta mediterr\u00e1nea<\/strong> pero con unas ligeras variaciones en cuanto a la forma de realizar las cocciones, adem\u00e1s de unos <strong>conceptos a\u00f1adidos<\/strong> que mejoran la dieta!<\/p>\n<p style=\"text-align: justify;\">Mandarina quiere que os tom\u00e9is vuestro tiempo al comer, que os olvid\u00e9is de las prisas, que favorezc\u00e1is la relaci\u00f3n social con el resto de comensales, que teng\u00e1is una masticaci\u00f3n adecuada de los alimentos y para ello utilizaremos sabores <strong>suaves y naturales<\/strong>&#8230; Y tambi\u00e9n tendr\u00e9is la opci\u00f3n de olvidaros del m\u00f3vil&#8230; S\u00ed, OFF MANDARINA.<\/p>\n<p>&nbsp;<\/p>\n<div style=\"text-align: justify;\"><a href=\"http:\/\/blog.mandarinagarden.es\/wp-content\/uploads\/no-mobile.jpg\"><img loading=\"lazy\" decoding=\"async\" class=\"aligncenter size-full wp-image-1337\" title=\"no mobile\" src=\"http:\/\/blog.mandarinagarden.es\/wp-content\/uploads\/no-mobile.jpg\" alt=\"\" width=\"600\" height=\"849\" srcset=\"https:\/\/www.mandarinagarden.es\/blog\/wp-content\/uploads\/no-mobile.jpg 600w, https:\/\/www.mandarinagarden.es\/blog\/wp-content\/uploads\/no-mobile-212x300.jpg 212w\" sizes=\"auto, (max-width: 600px) 100vw, 600px\" \/><\/a><\/div>\n<p style=\"text-align: justify;\">\n<p style=\"text-align: justify;\">Podr\u00e9is dejar vuestro m\u00f3vil en una cesta especial para ello, para que de verdad, no teng\u00e1is la tentaci\u00f3n de cogerlo\u2026 y jugaremos a quien antes lo coja\u2026 paga!<\/p>\n<p style=\"text-align: justify;\">Y para que prob\u00e9is nuestra comida de medio d\u00eda y <strong>S\u00d3LO<\/strong> hasta el pr\u00f3ximo <strong>15 DE SEPTIEMBRE, el men\u00fa <\/strong>solamente\u00a0os costar\u00e1<strong> 5.50 \u20ac!!<\/strong><\/p>\n<div style=\"text-align: justify;\">Os esperamos!!<\/div>\n<p style=\"text-align: justify;\">\n<p style=\"text-align: justify;\">\n","protected":false},"excerpt":{"rendered":"<p>La gran novedad de Mandarina es que a partir del 1 de septiembre estaremos abiertos de 9 a 21 horas. No cerraremos a medio d\u00eda &#8230;<\/p>\n","protected":false},"author":1,"featured_media":1334,"comment_status":"open","ping_status":"open","sticky":false,"template":"","format":"standard","meta":{"footnotes":""},"categories":[21],"tags":[38,39,37,35,41,40],"class_list":["post-1326","post","type-post","status-publish","format-standard","has-post-thumbnail","hentry","category-novedades","tag-comida","tag-medio-dia","tag-menu","tag-novedad","tag-slow-cafe","tag-slow-food"],"_links":{"self":[{"href":"https:\/\/www.mandarinagarden.es\/blog\/wp-json\/wp\/v2\/posts\/1326","targetHints":{"allow":["GET"]}}],"collection":[{"href":"https:\/\/www.mandarinagarden.es\/blog\/wp-json\/wp\/v2\/posts"}],"about":[{"href":"https:\/\/www.mandarinagarden.es\/blog\/wp-json\/wp\/v2\/types\/post"}],"author":[{"embeddable":true,"href":"https:\/\/www.mandarinagarden.es\/blog\/wp-json\/wp\/v2\/users\/1"}],"replies":[{"embeddable":true,"href":"https:\/\/www.mandarinagarden.es\/blog\/wp-json\/wp\/v2\/comments?post=1326"}],"version-history":[{"count":30,"href":"https:\/\/www.mandarinagarden.es\/blog\/wp-json\/wp\/v2\/posts\/1326\/revisions"}],"predecessor-version":[{"id":1340,"href":"https:\/\/www.mandarinagarden.es\/blog\/wp-json\/wp\/v2\/posts\/1326\/revisions\/1340"}],"wp:featuredmedia":[{"embeddable":true,"href":"https:\/\/www.mandarinagarden.es\/blog\/wp-json\/wp\/v2\/media\/1334"}],"wp:attachment":[{"href":"https:\/\/www.mandarinagarden.es\/blog\/wp-json\/wp\/v2\/media?parent=1326"}],"wp:term":[{"taxonomy":"category","embeddable":true,"href":"https:\/\/www.mandarinagarden.es\/blog\/wp-json\/wp\/v2\/categories?post=1326"},{"taxonomy":"post_tag","embeddable":true,"href":"https:\/\/www.mandarinagarden.es\/blog\/wp-json\/wp\/v2\/tags?post=1326"}],"curies":[{"name":"wp","href":"https:\/\/api.w.org\/{rel}","templated":true}]}}