{"id":1193,"date":"2013-09-01T22:47:23","date_gmt":"2013-09-01T22:47:23","guid":{"rendered":"http:\/\/blog.mandarinagarden.es\/?p=1193"},"modified":"2013-09-01T22:47:23","modified_gmt":"2013-09-01T22:47:23","slug":"septiembre-mandarina-inventa-tu-vuelta-al-cole","status":"publish","type":"post","link":"https:\/\/www.mandarinagarden.es\/blog\/septiembre-mandarina-inventa-tu-vuelta-al-cole\/","title":{"rendered":"SEPTIEMBRE MANDARINA: INVENTA TU VUELTA AL COLE"},"content":{"rendered":"<p>En septiembre CUMPLIMOS 1 A\u00d1O!<\/p>\n<p>Mandarina garden ES \u00fanica y diferente!<\/p>\n<div>Nos basaremos en lo tradicional pero seguiremos siendo modernos e innovadores en nuestro concepto.<\/p>\n<div>BE CREATIVE! LA CREATIVIDAD SE PEGA&#8230; CONTAGIALA!<\/div>\n<div><\/div>\n<div>\n<div><\/div>\n<div><a href=\"http:\/\/blog.mandarinagarden.es\/wp-content\/uploads\/IMG_2129.jpg\"><img loading=\"lazy\" decoding=\"async\" class=\"aligncenter size-full wp-image-1196\" title=\"IMG_2129\" src=\"http:\/\/blog.mandarinagarden.es\/wp-content\/uploads\/IMG_2129.jpg\" alt=\"\" width=\"900\" height=\"603\" srcset=\"https:\/\/www.mandarinagarden.es\/blog\/wp-content\/uploads\/IMG_2129.jpg 900w, https:\/\/www.mandarinagarden.es\/blog\/wp-content\/uploads\/IMG_2129-300x201.jpg 300w\" sizes=\"auto, (max-width: 900px) 100vw, 900px\" \/><\/a><\/div>\n<div><\/div>\n<div>\n<div>Muchos de vosotros aun nos pregunt\u00e1is&#8230; \u00bfQu\u00e9 es Mandarina garden? Mandarina \u00a0intenta ser diferente al resto, no somos una simple ludoteca, no somos una academia y no somos un restaurante al uso! Somos Mandarina garden&#8230; Un lugar donde vive la imaginaci\u00f3n.<\/div>\n<div><\/div>\n<div><\/div>\n<div><\/div>\n<div>Un lugar para todos! Peques y mayores, un lugar bonito, donde poder disfrutar de tu tiempo, un lugar de encuentro, donde poder hacer yoga y pilates por las ma\u00f1anas, donde poder venir a tomarte un caf\u00e9 con bizcochos y deliciosos dulces en un fabuloso jard\u00edn en pleno centro de Alicante, un lugar que no te dejar\u00e1 indiferente!<\/div>\n<div><\/div>\n<div><\/div>\n<div><\/div>\n<div><a href=\"http:\/\/blog.mandarinagarden.es\/wp-content\/uploads\/IMG_2064.jpg\"><img loading=\"lazy\" decoding=\"async\" class=\"aligncenter size-full wp-image-1204\" title=\"IMG_2064\" src=\"http:\/\/blog.mandarinagarden.es\/wp-content\/uploads\/IMG_2064.jpg\" alt=\"\" width=\"900\" height=\"600\" srcset=\"https:\/\/www.mandarinagarden.es\/blog\/wp-content\/uploads\/IMG_2064.jpg 900w, https:\/\/www.mandarinagarden.es\/blog\/wp-content\/uploads\/IMG_2064-300x200.jpg 300w\" sizes=\"auto, (max-width: 900px) 100vw, 900px\" \/><\/a><\/div>\n<div><\/div>\n<div><\/div>\n<div><\/div>\n<div>Somos un espacio para celebrar la fiesta de tus sue\u00f1os, el cumple de los peques de la forma m\u00e1s chula y divertida que puedas encontrar&#8230; Tem\u00e1ticas nuevas, exclusivas, sabores \u00fanicos y una SHOP llenita de novedades que te ser\u00e1n irresistibles.<\/div>\n<\/div>\n<div><\/div>\n<div><\/div>\n<\/div>\n<div><\/div>\n<div>Al volver de vacaciones y para cuando empiece el cole, Mandaria pondr\u00e1 en marcha varios actividades continuadas:<\/div>\n<div><\/div>\n<div>-POR LAS MA\u00d1ANAS, a las 11 Horas a partir del 16 de Septiembre:<\/div>\n<div><\/div>\n<div><strong>Los Martes: YOGA mamis &amp; babies y\u00a0los Mi\u00e9rcoles: \u00a0PILATES!<\/strong><\/div>\n<div><\/div>\n<div>\u00ab<em>\u00bfNos ponemos en forma, mami?\u00bb Curso de Estimulaci\u00f3n dirigido a las mamis para reforzar v\u00ednculos con el beb\u00e9, ayudarle a crecer feliz pero sin olvidarse de ellas, trabajando con el Pilates para equilibrar su cuerpo tras el parto.<\/em><\/div>\n<div><\/div>\n<div><\/div>\n<div>&#8211; POR LAS TARDES: Mandarina fomentar\u00e1 la creatividad, las manualidades, los idiomas, el respeto por las cosas y el cuidado por ellas. Por eso presentamos estas actividades a la vuelta al cole! Ser\u00e1n 100% Mandarina:<\/div>\n<div><\/div>\n<h2 style=\"text-align: center;\"><span style=\"text-decoration: underline;\"><strong>HORARIO DE ACTIVIDADES MANDARINA a partir del 1 de OCTUBRE.<\/strong><\/span><\/h2>\n<div><\/div>\n<div><\/div>\n<div>* Lunes: <strong><span style=\"text-decoration: underline;\">ENGLISH ADVENTURE<\/span><\/strong><\/div>\n<div>(Grupo 1 ni\u00f1os de 3 a 5 a\u00f1os) (grupo 2 ni\u00f1os de 6 a 8 a\u00f1os)<\/div>\n<div><\/div>\n<div><a href=\"http:\/\/blog.mandarinagarden.es\/wp-content\/uploads\/IMG_1992.jpg\"><img loading=\"lazy\" decoding=\"async\" class=\"aligncenter size-full wp-image-1199\" title=\"IMG_1992\" src=\"http:\/\/blog.mandarinagarden.es\/wp-content\/uploads\/IMG_1992.jpg\" alt=\"\" width=\"600\" height=\"700\" srcset=\"https:\/\/www.mandarinagarden.es\/blog\/wp-content\/uploads\/IMG_1992.jpg 600w, https:\/\/www.mandarinagarden.es\/blog\/wp-content\/uploads\/IMG_1992-257x300.jpg 257w\" sizes=\"auto, (max-width: 600px) 100vw, 600px\" \/><\/a><\/div>\n<div><\/div>\n<div>Un enfoque l\u00fadico y motivador para acercar a los ni\u00f1os al ingl\u00e9s. Una metodolog\u00eda cercana y participativa que les permita asimilar conceptos de una forma natural y progresiva. \u00a0Con juegos, manualidades, canciones, bailes y mucha imaginaci\u00f3n pondremos en contacto a los ni\u00f1os con el idioma para que sean ellos los que deseen conocer m\u00e1s y m\u00e1s la lengua y disfruten con ello.<\/div>\n<div><\/div>\n<div><\/div>\n<div><\/div>\n<div>* Martes: <strong><span style=\"text-decoration: underline;\">SCRAPBOOK KIDS<\/span> ( in English &amp; Fran\u00e7ais)<\/strong><\/div>\n<div>El scrapbook es el t\u00e9rmino ingl\u00e9s para definir un libro de recortes,\u00a0consiste en multitud de procesos creativos como el recorte, pegado o collage para crear una composici\u00f3n de memorias y recuerdos mediante tus fotograf\u00edas.<\/div>\n<div><\/div>\n<div>\n<div>Nuestro workshop se llamar\u00e1: \u00a1APRENDIENDO SCRAPBOOK!<\/div>\n<div>\u201cTr\u00e1ete esas fotos tan chulas que tanto te gustan, aprende a decorarlas en una hoja de 30*30cm.<\/div>\n<div>Jugaremos con pinturas, sellos, troqueles, etiquetas, hilos y un mont\u00f3n de material que har\u00e1 que tu foto se la mejor del mundo mundial y t\u00fa ser un experto del scrap\u201d<\/div>\n<\/div>\n<div><\/div>\n<div><\/div>\n<div><\/div>\n<div>* Mi\u00e9rcoles: <strong><span style=\"text-decoration: underline;\">EL HORNO DE PEPE<\/span><\/strong><\/div>\n<div><\/div>\n<div><a href=\"http:\/\/blog.mandarinagarden.es\/wp-content\/uploads\/IMG_1993.jpg\"><img loading=\"lazy\" decoding=\"async\" class=\"aligncenter size-full wp-image-1200\" title=\"IMG_1993\" src=\"http:\/\/blog.mandarinagarden.es\/wp-content\/uploads\/IMG_1993.jpg\" alt=\"\" width=\"380\" height=\"253\" srcset=\"https:\/\/www.mandarinagarden.es\/blog\/wp-content\/uploads\/IMG_1993.jpg 380w, https:\/\/www.mandarinagarden.es\/blog\/wp-content\/uploads\/IMG_1993-300x199.jpg 300w\" sizes=\"auto, (max-width: 380px) 100vw, 380px\" \/><\/a><\/div>\n<div><\/div>\n<div>Un peque\u00f1o paso por la reposter\u00eda casera: aprender\u00e1s a hacer pan de la manera mas tradicional, galletas, donuts, Cupcakes, pop cakes, te ense\u00f1aremos a decorarlos, cocinarlos y&#8230; Comerlos!!!<\/div>\n<div><\/div>\n<div><\/div>\n<div><\/div>\n<div>* Jueves: <span style=\"text-decoration: underline;\"><strong>EL CUENTO DE LA SEMANA.<\/strong><\/span><\/div>\n<div><\/div>\n<div><a href=\"http:\/\/blog.mandarinagarden.es\/wp-content\/uploads\/IMG_1995.jpg\"><img loading=\"lazy\" decoding=\"async\" class=\"aligncenter size-full wp-image-1201\" title=\"IMG_1995\" src=\"http:\/\/blog.mandarinagarden.es\/wp-content\/uploads\/IMG_1995.jpg\" alt=\"\" width=\"236\" height=\"236\" srcset=\"https:\/\/www.mandarinagarden.es\/blog\/wp-content\/uploads\/IMG_1995.jpg 236w, https:\/\/www.mandarinagarden.es\/blog\/wp-content\/uploads\/IMG_1995-150x150.jpg 150w\" sizes=\"auto, (max-width: 236px) 100vw, 236px\" \/><\/a><\/div>\n<div><\/div>\n<div>Hadas, princesas, dragones, hombres invisibles y elefantes voladores&#8230; Todo es posible en Mandarina garden. \u00bfQuieres que tu peque aprenda los cuentos cl\u00e1sicos de toda la vida? Pulgarcito, el gigante de las habichuelas, los 3 cerditos y el lobo feroz&#8230; Todos los jueves en Mandarina!<\/div>\n<div><\/div>\n<div><\/div>\n<div><\/div>\n<div>* Viernes: <strong><span style=\"text-decoration: underline;\">AGUJA Y DEDAL<\/span> (mamis &amp; peques)<\/strong><\/div>\n<\/div>\n<div>En exclusiva en Mandarina garden aprenderemos los pasos b\u00e1sicos de la costura con aguja e hilo!<\/div>\n<div>Haremos un Delantal vintage precioso con telas a tu gusto y lo mas chuli es que si quieres puedes apuntarte con tu peque!<\/div>\n<div>Plan Mandarina para el viernes.<\/div>\n<div><\/div>\n<div><\/div>\n<div>\u00a0 \u00a0 \u00a0 \u00a0 * <span style=\"text-decoration: underline;\"><strong>Nuestra noche de chicas tambi\u00e9n estar\u00e1 ambientada en AGUJA Y DEDAL<\/strong><\/span>, confeccionaremos una bolsita de almuerzo para los peques o para meter tus cositas que ser\u00e1 de lo mas bonita! Esta vez en nuestra noche no solo habra cenita, risas, historias y vino sino que habr\u00e1 aguja e hilo!<\/div>\n<p><img loading=\"lazy\" decoding=\"async\" class=\"aligncenter size-full wp-image-1202\" title=\"IMG_1991\" src=\"http:\/\/blog.mandarinagarden.es\/wp-content\/uploads\/IMG_1991.jpg\" alt=\"\" width=\"470\" height=\"470\" srcset=\"https:\/\/www.mandarinagarden.es\/blog\/wp-content\/uploads\/IMG_1991.jpg 470w, https:\/\/www.mandarinagarden.es\/blog\/wp-content\/uploads\/IMG_1991-150x150.jpg 150w, https:\/\/www.mandarinagarden.es\/blog\/wp-content\/uploads\/IMG_1991-300x300.jpg 300w\" sizes=\"auto, (max-width: 470px) 100vw, 470px\" \/><\/p>\n<div><\/div>\n<div><\/div>\n<div><\/div>\n<div>* S\u00e1bado: <span style=\"text-decoration: underline;\"><strong>EL DIA DE LAS SORPRESAS.<\/strong><\/span><\/div>\n<div>El s\u00e1bado lo dedicaremos a eventos y actividades en familia. Destinaremos este d\u00eda para que papis &amp; peques pod\u00e1is disfrutar juntos haciendo algo chuli, original, creativo y divertido!<\/div>\n<div><\/div>\n<div><a href=\"http:\/\/blog.mandarinagarden.es\/wp-content\/uploads\/IMG_1994.jpg\"><img loading=\"lazy\" decoding=\"async\" class=\"aligncenter size-full wp-image-1205\" title=\"IMG_1994\" src=\"http:\/\/blog.mandarinagarden.es\/wp-content\/uploads\/IMG_1994.jpg\" alt=\"\" width=\"495\" height=\"455\" srcset=\"https:\/\/www.mandarinagarden.es\/blog\/wp-content\/uploads\/IMG_1994.jpg 495w, https:\/\/www.mandarinagarden.es\/blog\/wp-content\/uploads\/IMG_1994-300x275.jpg 300w\" sizes=\"auto, (max-width: 495px) 100vw, 495px\" \/><\/a><\/div>\n","protected":false},"excerpt":{"rendered":"<p>En septiembre CUMPLIMOS 1 A\u00d1O! Mandarina garden ES \u00fanica y diferente! Nos basaremos en lo tradicional pero seguiremos siendo modernos e innovadores en nuestro concepto. &#8230;<\/p>\n","protected":false},"author":1,"featured_media":1195,"comment_status":"open","ping_status":"open","sticky":false,"template":"","format":"standard","meta":{"footnotes":""},"categories":[10,1],"tags":[],"class_list":["post-1193","post","type-post","status-publish","format-standard","has-post-thumbnail","hentry","category-mandarina_garden","category-sin-categoria"],"_links":{"self":[{"href":"https:\/\/www.mandarinagarden.es\/blog\/wp-json\/wp\/v2\/posts\/1193","targetHints":{"allow":["GET"]}}],"collection":[{"href":"https:\/\/www.mandarinagarden.es\/blog\/wp-json\/wp\/v2\/posts"}],"about":[{"href":"https:\/\/www.mandarinagarden.es\/blog\/wp-json\/wp\/v2\/types\/post"}],"author":[{"embeddable":true,"href":"https:\/\/www.mandarinagarden.es\/blog\/wp-json\/wp\/v2\/users\/1"}],"replies":[{"embeddable":true,"href":"https:\/\/www.mandarinagarden.es\/blog\/wp-json\/wp\/v2\/comments?post=1193"}],"version-history":[{"count":13,"href":"https:\/\/www.mandarinagarden.es\/blog\/wp-json\/wp\/v2\/posts\/1193\/revisions"}],"predecessor-version":[{"id":1214,"href":"https:\/\/www.mandarinagarden.es\/blog\/wp-json\/wp\/v2\/posts\/1193\/revisions\/1214"}],"wp:featuredmedia":[{"embeddable":true,"href":"https:\/\/www.mandarinagarden.es\/blog\/wp-json\/wp\/v2\/media\/1195"}],"wp:attachment":[{"href":"https:\/\/www.mandarinagarden.es\/blog\/wp-json\/wp\/v2\/media?parent=1193"}],"wp:term":[{"taxonomy":"category","embeddable":true,"href":"https:\/\/www.mandarinagarden.es\/blog\/wp-json\/wp\/v2\/categories?post=1193"},{"taxonomy":"post_tag","embeddable":true,"href":"https:\/\/www.mandarinagarden.es\/blog\/wp-json\/wp\/v2\/tags?post=1193"}],"curies":[{"name":"wp","href":"https:\/\/api.w.org\/{rel}","templated":true}]}}